{"id":134948,"date":"2019-11-13T12:55:43","date_gmt":"2019-11-13T15:55:43","guid":{"rendered":"http:\/\/www.caririemacao.com\/1\/?p=134948"},"modified":"2019-11-13T12:55:43","modified_gmt":"2019-11-13T15:55:43","slug":"amcap-reunira-prefeitos-e-vereadores-do-cariri-para-tratar-sobre-a-pec-que-propoe-extincao-dos-municipios","status":"publish","type":"post","link":"https:\/\/www.caririemacao.com\/1\/2019\/11\/13\/amcap-reunira-prefeitos-e-vereadores-do-cariri-para-tratar-sobre-a-pec-que-propoe-extincao-dos-municipios\/","title":{"rendered":"AMCAP reunir\u00e1 prefeitos e vereadores do Cariri para tratar sobre a PEC que prop\u00f5e extin\u00e7\u00e3o dos munic\u00edpios"},"content":{"rendered":"\n<p>A Associa\u00e7\u00e3o dos Munic\u00edpios do Cariri e Agreste Paraibano (AMCAP), atrav\u00e9s do Presidente Ronaldo Queiroz (prefeito de Gurj\u00e3o), estar\u00e1 realizando nesta quinta-feira(14) uma reuni\u00e3o com os prefeitos do Cariri, presidentes de c\u00e2maras e demais vereadores da regi\u00e3o, para tratarem sobre a PEC do Governo Bolsonaro que prop\u00f5e a extin\u00e7\u00e3o de pequenos munic\u00edpios.<\/p>\n\n\n\n<p>A reuni\u00e3o ser\u00e1 realizada no munic\u00edpio de Gurj\u00e3o, no Audit\u00f3rio \u2018In\u00e1cio Calu\u00eate\u2019, e ter\u00e1 seu in\u00edcio \u00e0s 09hs da manh\u00e3.<\/p>\n\n\n\n<p>Na regi\u00e3o do Cariri, 16 munic\u00edpios se encachariam dentro da Proposta de Emenda \u00e0 Constitui\u00e7\u00e3o (PEC) do Pacto Federativo, que prev\u00ea que os munic\u00edpios com menos de 5 mil habitantes e arrecada\u00e7\u00e3o pr\u00f3pria inferior a 10% da receita total sejam incorporados pelo munic\u00edpio vizinho.<\/p>\n\n\n\n<p>Em contato com o Portal De Olho no Cariri, o presidente da AMCAP, Ronaldo Queiroz, destacou a import\u00e2ncia da mobiliza\u00e7\u00e3o e a luta contra a derrubada da PEC. \u201cN\u00e3o podemos apoiar uma PEC que coloca fim a hist\u00f3ria das cidades de nosso Cariri e da Para\u00edba. Iremos estar se reunindo e vamos elaborar um documento para ser entregue a FAMUP, com a inten\u00e7\u00e3o de levarmos esta causa at\u00e9 a ALPB. Esta PEC j\u00e1 nasceu morta em meu entendimento e precisamos do apoio de toda a popula\u00e7\u00e3o para defendermos os nossos munic\u00edpios\u201d, disse Ronaldo Queiroz.<\/p>\n\n\n\n<p>V\u00e1rios gestores e vereadores das cidades do Cariri j\u00e1 est\u00e3o confirmando suas presen\u00e7as na reuni\u00e3o da pr\u00f3xima quinta-feira.<\/p>\n","protected":false},"excerpt":{"rendered":"<p>A Associa\u00e7\u00e3o dos Munic\u00edpios do Cariri e Agreste Paraibano (AMCAP), atrav\u00e9s do Presidente Ronaldo Queiroz (prefeito de Gurj\u00e3o), estar\u00e1 realizando nesta quinta-feira(14) uma reuni\u00e3o com&hellip; <\/p>\n","protected":false},"author":1,"featured_media":134957,"comment_status":"closed","ping_status":"closed","sticky":false,"template":"","format":"standard","meta":{"sfsi_plus_gutenberg_text_before_share":"","sfsi_plus_gutenberg_show_text_before_share":"","sfsi_plus_gutenberg_icon_type":"","sfsi_plus_gutenberg_icon_alignemt":"","sfsi_plus_gutenburg_max_per_row":"","footnotes":""},"categories":[6,50],"tags":[],"class_list":["post-134948","post","type-post","status-publish","format-standard","has-post-thumbnail","hentry","category-cidades","category-destaque"],"_links":{"self":[{"href":"https:\/\/www.caririemacao.com\/1\/wp-json\/wp\/v2\/posts\/134948","targetHints":{"allow":["GET"]}}],"collection":[{"href":"https:\/\/www.caririemacao.com\/1\/wp-json\/wp\/v2\/posts"}],"about":[{"href":"https:\/\/www.caririemacao.com\/1\/wp-json\/wp\/v2\/types\/post"}],"author":[{"embeddable":true,"href":"https:\/\/www.caririemacao.com\/1\/wp-json\/wp\/v2\/users\/1"}],"replies":[{"embeddable":true,"href":"https:\/\/www.caririemacao.com\/1\/wp-json\/wp\/v2\/comments?post=134948"}],"version-history":[{"count":1,"href":"https:\/\/www.caririemacao.com\/1\/wp-json\/wp\/v2\/posts\/134948\/revisions"}],"predecessor-version":[{"id":134958,"href":"https:\/\/www.caririemacao.com\/1\/wp-json\/wp\/v2\/posts\/134948\/revisions\/134958"}],"wp:featuredmedia":[{"embeddable":true,"href":"https:\/\/www.caririemacao.com\/1\/wp-json\/wp\/v2\/media\/134957"}],"wp:attachment":[{"href":"https:\/\/www.caririemacao.com\/1\/wp-json\/wp\/v2\/media?parent=134948"}],"wp:term":[{"taxonomy":"category","embeddable":true,"href":"https:\/\/www.caririemacao.com\/1\/wp-json\/wp\/v2\/categories?post=134948"},{"taxonomy":"post_tag","embeddable":true,"href":"https:\/\/www.caririemacao.com\/1\/wp-json\/wp\/v2\/tags?post=134948"}],"curies":[{"name":"wp","href":"https:\/\/api.w.org\/{rel}","templated":true}]}}