{"id":134963,"date":"2019-11-13T13:00:11","date_gmt":"2019-11-13T16:00:11","guid":{"rendered":"http:\/\/www.caririemacao.com\/1\/?p=134963"},"modified":"2019-11-13T13:00:11","modified_gmt":"2019-11-13T16:00:11","slug":"paraiba-recebera-recursos-da-uniao-para-escolas-de-ensino-integral","status":"publish","type":"post","link":"https:\/\/www.caririemacao.com\/1\/2019\/11\/13\/paraiba-recebera-recursos-da-uniao-para-escolas-de-ensino-integral\/","title":{"rendered":"Para\u00edba receber\u00e1 recursos da Uni\u00e3o para escolas de ensino integral"},"content":{"rendered":"\n<p>A Para\u00edba vai receber mais de R$2 milh\u00f5es no Minist\u00e9rio da Educa\u00e7\u00e3o para o ensino m\u00e9dio em tempo integral. A medida foi anunciada em portaria do Di\u00e1rio Oficial da Uni\u00e3o desta ter\u00e7a-feira (12). Outros 17 estados tamb\u00e9m v\u00e3o ser beneficiados.<\/p>\n\n\n\n<p>De acordo com a pasta, os recursos s\u00e3o destinados para obras, compra de equipamentos ou despesas de custeio, como energia el\u00e9trica e \u00e1gua, por exemplo. Os valores s\u00e3o de origem do Programa de Fomento \u00e0s Escolas de Ensino M\u00e9dio em Tempo Integral.<\/p>\n\n\n\n<p>Ao todo, a Para\u00edba vai receber R$2.431.298,58. As institui\u00e7\u00f5es de ensino participantes possuem uma carga hor\u00e1ria superior a 35 horas semanais \u2014 ou 7 di\u00e1rias. A carga hor\u00e1ria do ensino m\u00e9dio n\u00e3o integral no Brasil \u00e9 de 20 horas semanais \u2014 4 horas por dia. Com a reforma do ensino m\u00e9dio, aumentar\u00e1 para 25 e 5, respectivamente.<\/p>\n\n\n\n<p>A rede p\u00fablica do estado da Para\u00edba possui, desde 2016, o Programa das Escolas Cidad\u00e3s Integrais (ECIs) e Escolas Cidad\u00e3s Integrais T\u00e9cnicas (ECITs), que oferece 45 mil vagas para estudantes em cerca de 150 escolas.<\/p>\n\n\n\n<p>De acordo com a Secretaria de Educa\u00e7\u00e3o do Estado, o programa tem como foco a forma\u00e7\u00e3o dos jovens por meio de um desenho curricular diferenciado e com metodologias espec\u00edficas, que apresentam aos estudantes do ensino m\u00e9dio possibilidades de se sentirem integrantes do seu projeto de vida.<\/p>\n\n\n\n<p><em>Com Mais PB<\/em><\/p>\n","protected":false},"excerpt":{"rendered":"<p>A Para\u00edba vai receber mais de R$2 milh\u00f5es no Minist\u00e9rio da Educa\u00e7\u00e3o para o ensino m\u00e9dio em tempo integral. A medida foi anunciada em portaria&hellip; <\/p>\n","protected":false},"author":1,"featured_media":134965,"comment_status":"closed","ping_status":"closed","sticky":false,"template":"","format":"standard","meta":{"sfsi_plus_gutenberg_text_before_share":"","sfsi_plus_gutenberg_show_text_before_share":"","sfsi_plus_gutenberg_icon_type":"","sfsi_plus_gutenberg_icon_alignemt":"","sfsi_plus_gutenburg_max_per_row":"","footnotes":""},"categories":[14],"tags":[],"class_list":["post-134963","post","type-post","status-publish","format-standard","has-post-thumbnail","hentry","category-educacao"],"_links":{"self":[{"href":"https:\/\/www.caririemacao.com\/1\/wp-json\/wp\/v2\/posts\/134963","targetHints":{"allow":["GET"]}}],"collection":[{"href":"https:\/\/www.caririemacao.com\/1\/wp-json\/wp\/v2\/posts"}],"about":[{"href":"https:\/\/www.caririemacao.com\/1\/wp-json\/wp\/v2\/types\/post"}],"author":[{"embeddable":true,"href":"https:\/\/www.caririemacao.com\/1\/wp-json\/wp\/v2\/users\/1"}],"replies":[{"embeddable":true,"href":"https:\/\/www.caririemacao.com\/1\/wp-json\/wp\/v2\/comments?post=134963"}],"version-history":[{"count":1,"href":"https:\/\/www.caririemacao.com\/1\/wp-json\/wp\/v2\/posts\/134963\/revisions"}],"predecessor-version":[{"id":134966,"href":"https:\/\/www.caririemacao.com\/1\/wp-json\/wp\/v2\/posts\/134963\/revisions\/134966"}],"wp:featuredmedia":[{"embeddable":true,"href":"https:\/\/www.caririemacao.com\/1\/wp-json\/wp\/v2\/media\/134965"}],"wp:attachment":[{"href":"https:\/\/www.caririemacao.com\/1\/wp-json\/wp\/v2\/media?parent=134963"}],"wp:term":[{"taxonomy":"category","embeddable":true,"href":"https:\/\/www.caririemacao.com\/1\/wp-json\/wp\/v2\/categories?post=134963"},{"taxonomy":"post_tag","embeddable":true,"href":"https:\/\/www.caririemacao.com\/1\/wp-json\/wp\/v2\/tags?post=134963"}],"curies":[{"name":"wp","href":"https:\/\/api.w.org\/{rel}","templated":true}]}}