{"id":134971,"date":"2019-11-13T13:04:40","date_gmt":"2019-11-13T16:04:40","guid":{"rendered":"http:\/\/www.caririemacao.com\/1\/?p=134971"},"modified":"2019-11-13T13:04:40","modified_gmt":"2019-11-13T16:04:40","slug":"ministerio-da-saude-deve-fornecer-medicamentos-de-alto-custo-a-paraiba","status":"publish","type":"post","link":"https:\/\/www.caririemacao.com\/1\/2019\/11\/13\/ministerio-da-saude-deve-fornecer-medicamentos-de-alto-custo-a-paraiba\/","title":{"rendered":"Minist\u00e9rio da Sa\u00fade deve fornecer medicamentos de alto custo \u00e0 Para\u00edba"},"content":{"rendered":"\n<p>O Minist\u00e9rio P\u00fablico Federal (MPF) recomendou que o Departamento de Assist\u00eancia Farmac\u00eautica e Insumos Estrat\u00e9gicos da Secretaria de Ci\u00eancia, Tecnologia, Inova\u00e7\u00e3o e Insumos Estrat\u00e9gicos em Sa\u00fade do Minist\u00e9rio da Sa\u00fade regularize o fornecimento dos medicamentos do Grupo A1 do Componente Especializado da Assist\u00eancia Farmac\u00eautica ao Estado da Para\u00edba. O \u00f3rg\u00e3o tem dez dias \u00fateis, a contar do recebimento da recomenda\u00e7\u00e3o, para se manifestar acerca do acatamento, ou n\u00e3o.<\/p>\n\n\n\n<p>Os rem\u00e9dios de alto custo, para doen\u00e7as complexas, casos de refratariedade ou intoler\u00e2ncia, cujo financiamento \u00e9 de responsabilidade da Uni\u00e3o, est\u00e3o sendo fornecidos em quantidades inferiores ou com atraso. Entre as patologias tratadas ou controladas pelos medicamentos est\u00e3o: esquizofrenia, artrite reumat\u00f3ide e esclerose lateral amiotr\u00f3fica. Rem\u00e9dios para pacientes transplantados tamb\u00e9m est\u00e3o com fornecimento irregular.<\/p>\n\n\n\n<p>Al\u00e9m da regulariza\u00e7\u00e3o do fornecimento, o MPF recomenda a preven\u00e7\u00e3o do desabastecimento de medicamentos, al\u00e9m da ado\u00e7\u00e3o de todas as medidas administrativas e judiciais necess\u00e1rias na hip\u00f3tese de atraso ou de n\u00e3o cumprimento dos contratos celebrados entre a Uni\u00e3o e as empresas fornecedoras de medicamentos, com o atendimento tempestivo a todas \u00e0s solicita\u00e7\u00f5es encaminhadas pelo Centro Especializado de Dispensa\u00e7\u00e3o de Medicamentos Excepcionais do Estado da Para\u00edba (CEDMEX\/PB).<\/p>\n\n\n\n<p>O Minist\u00e9rio P\u00fablico Federal recomenda ainda que o departamento do Minist\u00e9rio da Sa\u00fade providencie visita de equipe t\u00e9cnica ao Estado da Para\u00edba, no prazo de 20 dias, para verificar a operacionaliza\u00e7\u00e3o do sistema H\u00f3rus \u2013 ferramenta tecnol\u00f3gica utilizada para auxiliar os gestores de sa\u00fade na qualifica\u00e7\u00e3o da assist\u00eancia farmac\u00eautica, bem como na transpar\u00eancia dos servi\u00e7os prestados, tendo em vista as diretrizes tra\u00e7adas pela Pol\u00edtica Nacional de Assist\u00eancia Farmac\u00eautica. O objetivo \u00e9 ajustar as falhas existentes.<\/p>\n\n\n\n<p><strong>Reuni\u00e3o \u2013<\/strong>&nbsp;Em reuni\u00e3o realizada no m\u00eas de julho, a coordenadora do Componente Especializado da Assist\u00eancia Farmac\u00eautica do Minist\u00e9rio da Sa\u00fade afirmou que os atrasos no fornecimento de medicamentos na gest\u00e3o anterior decorreram de causas multifatoriais, como mau planejamento na aquisi\u00e7\u00e3o de medicamentos (n\u00e3o abertura de processo licitat\u00f3rio no tempo devido); e compras feitas para per\u00edodo inferior ao necess\u00e1rio, como para tr\u00eas e quatro meses, sendo que em regra as aquisi\u00e7\u00f5es s\u00e3o feitas para 12 meses.<\/p>\n\n\n\n<p>Desde ent\u00e3o, o MPF vem constatando uma paulatina retomada dos fluxos de fornecimento de medicamentos, mas ainda constata faltas frequentes de itens. \u201cN\u00e3o se pode admitir mais que algum cidad\u00e3o fique sem acesso \u00e0 medica\u00e7\u00e3o a que faz jus por conta de falhas, desorganiza\u00e7\u00e3o ou inefici\u00eancia da administra\u00e7\u00e3o federal. Por isso, devem ser adotadas medidas imediatas que previnam novas ocorr\u00eancias dessa natureza\u201d, alertou o procurador da Rep\u00fablica Jos\u00e9 Guilherme Ferraz da Costa.<\/p>\n\n\n\n<p>O MPF n\u00e3o descarta adotar outras medidas porventura necess\u00e1rias para corrigir os atos praticados em desacordo com a legisla\u00e7\u00e3o, sem preju\u00edzo da oportuna averigua\u00e7\u00e3o de responsabilidades pelo ocorrido.<\/p>\n\n\n\n<p><strong>MaisPB<\/strong><\/p>\n","protected":false},"excerpt":{"rendered":"<p>O Minist\u00e9rio P\u00fablico Federal (MPF) recomendou que o Departamento de Assist\u00eancia Farmac\u00eautica e Insumos Estrat\u00e9gicos da Secretaria de Ci\u00eancia, Tecnologia, Inova\u00e7\u00e3o e Insumos Estrat\u00e9gicos em&hellip; <\/p>\n","protected":false},"author":1,"featured_media":9790,"comment_status":"closed","ping_status":"closed","sticky":false,"template":"","format":"standard","meta":{"sfsi_plus_gutenberg_text_before_share":"","sfsi_plus_gutenberg_show_text_before_share":"","sfsi_plus_gutenberg_icon_type":"","sfsi_plus_gutenberg_icon_alignemt":"","sfsi_plus_gutenburg_max_per_row":"","footnotes":""},"categories":[16],"tags":[],"class_list":["post-134971","post","type-post","status-publish","format-standard","has-post-thumbnail","hentry","category-saude"],"_links":{"self":[{"href":"https:\/\/www.caririemacao.com\/1\/wp-json\/wp\/v2\/posts\/134971","targetHints":{"allow":["GET"]}}],"collection":[{"href":"https:\/\/www.caririemacao.com\/1\/wp-json\/wp\/v2\/posts"}],"about":[{"href":"https:\/\/www.caririemacao.com\/1\/wp-json\/wp\/v2\/types\/post"}],"author":[{"embeddable":true,"href":"https:\/\/www.caririemacao.com\/1\/wp-json\/wp\/v2\/users\/1"}],"replies":[{"embeddable":true,"href":"https:\/\/www.caririemacao.com\/1\/wp-json\/wp\/v2\/comments?post=134971"}],"version-history":[{"count":1,"href":"https:\/\/www.caririemacao.com\/1\/wp-json\/wp\/v2\/posts\/134971\/revisions"}],"predecessor-version":[{"id":134973,"href":"https:\/\/www.caririemacao.com\/1\/wp-json\/wp\/v2\/posts\/134971\/revisions\/134973"}],"wp:featuredmedia":[{"embeddable":true,"href":"https:\/\/www.caririemacao.com\/1\/wp-json\/wp\/v2\/media\/9790"}],"wp:attachment":[{"href":"https:\/\/www.caririemacao.com\/1\/wp-json\/wp\/v2\/media?parent=134971"}],"wp:term":[{"taxonomy":"category","embeddable":true,"href":"https:\/\/www.caririemacao.com\/1\/wp-json\/wp\/v2\/categories?post=134971"},{"taxonomy":"post_tag","embeddable":true,"href":"https:\/\/www.caririemacao.com\/1\/wp-json\/wp\/v2\/tags?post=134971"}],"curies":[{"name":"wp","href":"https:\/\/api.w.org\/{rel}","templated":true}]}}