{"id":134980,"date":"2019-11-13T13:08:34","date_gmt":"2019-11-13T16:08:34","guid":{"rendered":"http:\/\/www.caririemacao.com\/1\/?p=134980"},"modified":"2019-11-13T13:08:34","modified_gmt":"2019-11-13T16:08:34","slug":"em-monteiro-energisa-troca-geladeiras-velhas-de-100-familias","status":"publish","type":"post","link":"https:\/\/www.caririemacao.com\/1\/2019\/11\/13\/em-monteiro-energisa-troca-geladeiras-velhas-de-100-familias\/","title":{"rendered":"Em Monteiro: Energisa troca geladeiras velhas de 100 fam\u00edlias"},"content":{"rendered":"\n<p>Nesta quarta-feira (13), o Projeto Nossa Energia, da Energisa, vai beneficiar 100 fam\u00edlias da cidade de Monteiro com a troca de&nbsp;geladeiras&nbsp;antigas por eletrodom\u00e9sticos mais econ\u00f4micos e eficientes, com selo Procel e indica\u00e7\u00e3o \u2018A\u2019. A iniciativa, parte do Programa de Efici\u00eancia Energ\u00e9tica regulado pela Aneel, tem o objetivo de contribuir com o combate ao desperd\u00edcio de energia el\u00e9trica e incentivar boas pr\u00e1ticas de consumo.<\/p>\n\n\n\n<p>Para eleger as fam\u00edlias beneficiadas, entre os dias 8 e 11, equipes de campo visitaram a casa dos candidatos e selecionaram as&nbsp;geladeiras&nbsp;que estavam em piores condi\u00e7\u00f5es de uso. A a\u00e7\u00e3o come\u00e7ou no dia 5 de novembro, com o cadastro das unidades consumidoras interessadas.<\/p>\n\n\n\n<p>A troca dos eletrodom\u00e9sticos em Monteiro ser\u00e1 realizada na Rua Coronel Jo\u00e3o Santa Cruz, Pra\u00e7a Jo\u00e3o Pessoa, Centro, das 8h30 \u00e0s 13h30. Esta iniciativa beneficia fam\u00edlias adimplentes com a conta de energia e residentes em comunidades de baixo poder aquisitivo.<\/p>\n\n\n\n<p><strong>MaisPB<\/strong><\/p>\n","protected":false},"excerpt":{"rendered":"<p>Nesta quarta-feira (13), o Projeto Nossa Energia, da Energisa, vai beneficiar 100 fam\u00edlias da cidade de Monteiro com a troca de&nbsp;geladeiras&nbsp;antigas por eletrodom\u00e9sticos mais econ\u00f4micos&hellip; <\/p>\n","protected":false},"author":1,"featured_media":134982,"comment_status":"closed","ping_status":"closed","sticky":false,"template":"","format":"standard","meta":{"sfsi_plus_gutenberg_text_before_share":"","sfsi_plus_gutenberg_show_text_before_share":"","sfsi_plus_gutenberg_icon_type":"","sfsi_plus_gutenberg_icon_alignemt":"","sfsi_plus_gutenburg_max_per_row":"","footnotes":""},"categories":[2],"tags":[],"class_list":["post-134980","post","type-post","status-publish","format-standard","has-post-thumbnail","hentry","category-geral"],"_links":{"self":[{"href":"https:\/\/www.caririemacao.com\/1\/wp-json\/wp\/v2\/posts\/134980","targetHints":{"allow":["GET"]}}],"collection":[{"href":"https:\/\/www.caririemacao.com\/1\/wp-json\/wp\/v2\/posts"}],"about":[{"href":"https:\/\/www.caririemacao.com\/1\/wp-json\/wp\/v2\/types\/post"}],"author":[{"embeddable":true,"href":"https:\/\/www.caririemacao.com\/1\/wp-json\/wp\/v2\/users\/1"}],"replies":[{"embeddable":true,"href":"https:\/\/www.caririemacao.com\/1\/wp-json\/wp\/v2\/comments?post=134980"}],"version-history":[{"count":1,"href":"https:\/\/www.caririemacao.com\/1\/wp-json\/wp\/v2\/posts\/134980\/revisions"}],"predecessor-version":[{"id":134983,"href":"https:\/\/www.caririemacao.com\/1\/wp-json\/wp\/v2\/posts\/134980\/revisions\/134983"}],"wp:featuredmedia":[{"embeddable":true,"href":"https:\/\/www.caririemacao.com\/1\/wp-json\/wp\/v2\/media\/134982"}],"wp:attachment":[{"href":"https:\/\/www.caririemacao.com\/1\/wp-json\/wp\/v2\/media?parent=134980"}],"wp:term":[{"taxonomy":"category","embeddable":true,"href":"https:\/\/www.caririemacao.com\/1\/wp-json\/wp\/v2\/categories?post=134980"},{"taxonomy":"post_tag","embeddable":true,"href":"https:\/\/www.caririemacao.com\/1\/wp-json\/wp\/v2\/tags?post=134980"}],"curies":[{"name":"wp","href":"https:\/\/api.w.org\/{rel}","templated":true}]}}