{"id":134990,"date":"2019-11-13T13:10:20","date_gmt":"2019-11-13T16:10:20","guid":{"rendered":"http:\/\/www.caririemacao.com\/1\/?p=134990"},"modified":"2019-11-13T13:10:20","modified_gmt":"2019-11-13T16:10:20","slug":"paraibano-e-o-atleta-paralimpico-mais-rapido-do-mundo","status":"publish","type":"post","link":"https:\/\/www.caririemacao.com\/1\/2019\/11\/13\/paraibano-e-o-atleta-paralimpico-mais-rapido-do-mundo\/","title":{"rendered":"Paraibano \u00e9 o atleta paral\u00edmpico mais r\u00e1pido do mundo"},"content":{"rendered":"\n<p>O atleta paraibano Petr\u00facio Ferreira se tornou, nesta ter\u00e7a-feira (12), o para-atleta mais r\u00e1pido do mundo em competi\u00e7\u00f5es paral\u00edmpicas. Ele fez o tempo de 10s42 na semifinal dos 100m da classe T47 no Campeonato Mundial de Atletismo em Dubai.<\/p>\n\n\n\n<p>\u201cEu costumo dizer que sou ligado no 220, mas hoje eu estou em alt\u00edssima tens\u00e3o. A pista \u00e9 muito boa e o clima est\u00e1 \u00f3timo. Falta a final ainda, que vai ser forte e muito emocionante\u201d \u2013 declarou o atleta que disse ainda tentar bater suas pr\u00f3prias marcas.<\/p>\n\n\n\n<p>O tempo conquistado por Petr\u00facio \u00e9 oito cent\u00e9simos menor que o antigo recorde mundial, que tamb\u00e9m era dele, conquistado em junho de 2018, durante a etapa de Paris do circuito mundial.<\/p>\n\n\n\n<p>Petr\u00facio compete na categoria T47, para amputados de bra\u00e7o abaixo do cotovelo. O atleta teve sua m\u00e3o amputada em acidente com uma m\u00e1quina de capim aos dois anos de idade e \u00e9 um dos principais nomes paral\u00edmpicos do Brasil.<\/p>\n\n\n\n<p><strong>MaisPB<\/strong><\/p>\n","protected":false},"excerpt":{"rendered":"<p>O atleta paraibano Petr\u00facio Ferreira se tornou, nesta ter\u00e7a-feira (12), o para-atleta mais r\u00e1pido do mundo em competi\u00e7\u00f5es paral\u00edmpicas. Ele fez o tempo de 10s42&hellip; <\/p>\n","protected":false},"author":1,"featured_media":134992,"comment_status":"closed","ping_status":"closed","sticky":false,"template":"","format":"standard","meta":{"sfsi_plus_gutenberg_text_before_share":"","sfsi_plus_gutenberg_show_text_before_share":"","sfsi_plus_gutenberg_icon_type":"","sfsi_plus_gutenberg_icon_alignemt":"","sfsi_plus_gutenburg_max_per_row":"","footnotes":""},"categories":[13],"tags":[],"class_list":["post-134990","post","type-post","status-publish","format-standard","has-post-thumbnail","hentry","category-esportes"],"_links":{"self":[{"href":"https:\/\/www.caririemacao.com\/1\/wp-json\/wp\/v2\/posts\/134990","targetHints":{"allow":["GET"]}}],"collection":[{"href":"https:\/\/www.caririemacao.com\/1\/wp-json\/wp\/v2\/posts"}],"about":[{"href":"https:\/\/www.caririemacao.com\/1\/wp-json\/wp\/v2\/types\/post"}],"author":[{"embeddable":true,"href":"https:\/\/www.caririemacao.com\/1\/wp-json\/wp\/v2\/users\/1"}],"replies":[{"embeddable":true,"href":"https:\/\/www.caririemacao.com\/1\/wp-json\/wp\/v2\/comments?post=134990"}],"version-history":[{"count":1,"href":"https:\/\/www.caririemacao.com\/1\/wp-json\/wp\/v2\/posts\/134990\/revisions"}],"predecessor-version":[{"id":134993,"href":"https:\/\/www.caririemacao.com\/1\/wp-json\/wp\/v2\/posts\/134990\/revisions\/134993"}],"wp:featuredmedia":[{"embeddable":true,"href":"https:\/\/www.caririemacao.com\/1\/wp-json\/wp\/v2\/media\/134992"}],"wp:attachment":[{"href":"https:\/\/www.caririemacao.com\/1\/wp-json\/wp\/v2\/media?parent=134990"}],"wp:term":[{"taxonomy":"category","embeddable":true,"href":"https:\/\/www.caririemacao.com\/1\/wp-json\/wp\/v2\/categories?post=134990"},{"taxonomy":"post_tag","embeddable":true,"href":"https:\/\/www.caririemacao.com\/1\/wp-json\/wp\/v2\/tags?post=134990"}],"curies":[{"name":"wp","href":"https:\/\/api.w.org\/{rel}","templated":true}]}}