{"id":135002,"date":"2019-11-13T13:23:29","date_gmt":"2019-11-13T16:23:29","guid":{"rendered":"http:\/\/www.caririemacao.com\/1\/?p=135002"},"modified":"2019-11-13T13:23:29","modified_gmt":"2019-11-13T16:23:29","slug":"ladrao-de-calcinhas-e-preso-com-mais-de-mil-pecas-ele-usava-um-dos-modelos-no-momento-da-prisao","status":"publish","type":"post","link":"https:\/\/www.caririemacao.com\/1\/2019\/11\/13\/ladrao-de-calcinhas-e-preso-com-mais-de-mil-pecas-ele-usava-um-dos-modelos-no-momento-da-prisao\/","title":{"rendered":"Ladr\u00e3o de calcinhas \u00e9 preso com mais de mil pe\u00e7as; ele usava um dos modelos no momento da pris\u00e3o"},"content":{"rendered":"\n<p>A pol\u00edcia prendeu um ladr\u00e3o de calcinhas e suti\u00e3s com 1.045 pe\u00e7as \u00edntimas escondidas no quarto de sua casa, em Turmalina, cidade no interior de Minas Gerais. Durante a abordagem, os policiais militares foram surpreendidos ao perceberem que o homem, de 41 anos, estava usando uma das calcinhas.<\/p>\n\n\n\n<p>Com base no n\u00famero de pe\u00e7as apreendidas, \u00e9 poss\u00edvel dizer que muitas das 8.880 mulheres que fazem parte da popula\u00e7\u00e3o do munic\u00edpio, no Vale do Jequitinhonha, j\u00e1 foram v\u00edtimas dele, preso, de acordo com a Pol\u00edcia Militar, pela segunda vez pelo mesmo crime.<\/p>\n\n\n\n<p>Ainda segundo as informa\u00e7\u00f5es da PM, as mil calcinhas e os 45 suti\u00e3s foram encontrados em v\u00e1rios locais do quarto dele: debaixo da cama, dentro do colch\u00e3o e no guarda-roupas. Em 2015, os furtos de 301 pe\u00e7as \u00edntimas ocorreu em Capelinha, cidade vizinha a Turmalina.<\/p>\n\n\n\n<p>\u201cA Pol\u00edcia Militar foi at\u00e9 a resid\u00eancia dele, no Bairro S\u00e3o Jo\u00e3o Batista, para darmos cumprimento a um mandado de pris\u00e3o por furto. Durante as buscas, encontramos as pe\u00e7as \u00edntimas\u201d, fala o tenente Andr\u00e9 Dale. Havia roupas \u00edntimas novas e usadas, de v\u00e1rias cores e modelos.<\/p>\n\n\n\n<p>O tenente explica que a PM j\u00e1 recebeu diversas reclama\u00e7\u00f5es de mulheres relatando furtos de suas pe\u00e7as \u00edntimas. Por\u00e9m, muitas v\u00edtimas n\u00e3o registram boletim de ocorr\u00eancia por medo, receio ou vergonha.<\/p>\n\n\n\n<p>Ao ser questionado pela PM, o homem n\u00e3o deu detalhes sobre os furtos, apenas disse que cometia os crimes em v\u00e1rios locais. Ele foi levado para a delegacia da cidade. O G1 tenta mais informa\u00e7\u00f5es com o delegado respons\u00e1vel pelo caso.<\/p>\n","protected":false},"excerpt":{"rendered":"<p>A pol\u00edcia prendeu um ladr\u00e3o de calcinhas e suti\u00e3s com 1.045 pe\u00e7as \u00edntimas escondidas no quarto de sua casa, em Turmalina, cidade no interior de&hellip; <\/p>\n","protected":false},"author":1,"featured_media":135003,"comment_status":"closed","ping_status":"closed","sticky":false,"template":"","format":"standard","meta":{"sfsi_plus_gutenberg_text_before_share":"","sfsi_plus_gutenberg_show_text_before_share":"","sfsi_plus_gutenberg_icon_type":"","sfsi_plus_gutenberg_icon_alignemt":"","sfsi_plus_gutenburg_max_per_row":"","footnotes":""},"categories":[50,12],"tags":[],"class_list":["post-135002","post","type-post","status-publish","format-standard","has-post-thumbnail","hentry","category-destaque","category-policia"],"_links":{"self":[{"href":"https:\/\/www.caririemacao.com\/1\/wp-json\/wp\/v2\/posts\/135002","targetHints":{"allow":["GET"]}}],"collection":[{"href":"https:\/\/www.caririemacao.com\/1\/wp-json\/wp\/v2\/posts"}],"about":[{"href":"https:\/\/www.caririemacao.com\/1\/wp-json\/wp\/v2\/types\/post"}],"author":[{"embeddable":true,"href":"https:\/\/www.caririemacao.com\/1\/wp-json\/wp\/v2\/users\/1"}],"replies":[{"embeddable":true,"href":"https:\/\/www.caririemacao.com\/1\/wp-json\/wp\/v2\/comments?post=135002"}],"version-history":[{"count":1,"href":"https:\/\/www.caririemacao.com\/1\/wp-json\/wp\/v2\/posts\/135002\/revisions"}],"predecessor-version":[{"id":135004,"href":"https:\/\/www.caririemacao.com\/1\/wp-json\/wp\/v2\/posts\/135002\/revisions\/135004"}],"wp:featuredmedia":[{"embeddable":true,"href":"https:\/\/www.caririemacao.com\/1\/wp-json\/wp\/v2\/media\/135003"}],"wp:attachment":[{"href":"https:\/\/www.caririemacao.com\/1\/wp-json\/wp\/v2\/media?parent=135002"}],"wp:term":[{"taxonomy":"category","embeddable":true,"href":"https:\/\/www.caririemacao.com\/1\/wp-json\/wp\/v2\/categories?post=135002"},{"taxonomy":"post_tag","embeddable":true,"href":"https:\/\/www.caririemacao.com\/1\/wp-json\/wp\/v2\/tags?post=135002"}],"curies":[{"name":"wp","href":"https:\/\/api.w.org\/{rel}","templated":true}]}}