{"id":135021,"date":"2019-11-13T13:29:23","date_gmt":"2019-11-13T16:29:23","guid":{"rendered":"http:\/\/www.caririemacao.com\/1\/?p=135021"},"modified":"2019-11-13T13:29:23","modified_gmt":"2019-11-13T16:29:23","slug":"policia-federal-revela-nomes-de-servidores-do-incra-envolvidos-na-operacao-amigos-do-rei","status":"publish","type":"post","link":"https:\/\/www.caririemacao.com\/1\/2019\/11\/13\/policia-federal-revela-nomes-de-servidores-do-incra-envolvidos-na-operacao-amigos-do-rei\/","title":{"rendered":"Pol\u00edcia Federal revela nomes de servidores do Incra envolvidos na Opera\u00e7\u00e3o Amigos do Rei"},"content":{"rendered":"\n<p>A Pol\u00edcia Federal revelou os nomes dos envolvidos na&nbsp;<a href=\"https:\/\/www.clickpb.com.br\/Policial\/policia-federal-realiza-operacao-contra-desvios-de-recursos-publicos-no-incra-271886.html\">Opera\u00e7\u00e3o Amigos do Rei<\/a>, deflagrada durante a manh\u00e3 desta quarta-feira (13) para desarticular concess\u00f5es irregulares e desvios de verba nos Projetos de Assentamento do Instituto Nacional de Coloniza\u00e7\u00e3o e Reforma Agr\u00e1ria (Incra) na Para\u00edba.<\/p>\n\n\n\n<p>Segundo a PF, tr\u00eas pessoas est\u00e3o envolvidas no esquema. Roberto Ferreira do Santos, chefe substituto da Divis\u00e3o de Desenvolvimento da Superintend\u00eancia Regional do Incra da Para\u00edba, beneficiava pessoas pr\u00f3ximas, como familiares que n\u00e3o se encaixavam no perfil. Tamb\u00e9m s\u00e3o investigados o superintendente substituto, Wilson Rodrigues Chaves, e a presidente da Associa\u00e7\u00e3o dos Assentados de Araruna, Vit\u00f3ria Edna de Ferreira Lima.<\/p>\n\n\n\n<p>Foram cumpridos oito mandados de busca e apreens\u00e3o nas resid\u00eancias dos investigados em Jo\u00e3o Pessoa, assim como em Araruna e Barra de Santa Rosa.<\/p>\n\n\n\n<p>Dois servidores tiveram o&nbsp;<a href=\"https:\/\/www.clickpb.com.br\/paraiba\/justica-afasta-ex-superintendente-e-servidor-do-incra-suspeitos-de-beneficiar-familiares-e-desviar-recursos-271890.html\">afastamento do cargo p\u00fablico decretado<\/a>pela Justi\u00e7a Federal, sendo um deles Wilson Rodrigues Chaves. Foi decretado, ainda, o bloqueio de mais de R$ 148 mil das contas dos investigados<\/p>\n","protected":false},"excerpt":{"rendered":"<p>A Pol\u00edcia Federal revelou os nomes dos envolvidos na&nbsp;Opera\u00e7\u00e3o Amigos do Rei, deflagrada durante a manh\u00e3 desta quarta-feira (13) para desarticular concess\u00f5es irregulares e desvios&hellip; <\/p>\n","protected":false},"author":1,"featured_media":135022,"comment_status":"closed","ping_status":"closed","sticky":false,"template":"","format":"standard","meta":{"sfsi_plus_gutenberg_text_before_share":"","sfsi_plus_gutenberg_show_text_before_share":"","sfsi_plus_gutenberg_icon_type":"","sfsi_plus_gutenberg_icon_alignemt":"","sfsi_plus_gutenburg_max_per_row":"","footnotes":""},"categories":[12],"tags":[],"class_list":["post-135021","post","type-post","status-publish","format-standard","has-post-thumbnail","hentry","category-policia"],"_links":{"self":[{"href":"https:\/\/www.caririemacao.com\/1\/wp-json\/wp\/v2\/posts\/135021","targetHints":{"allow":["GET"]}}],"collection":[{"href":"https:\/\/www.caririemacao.com\/1\/wp-json\/wp\/v2\/posts"}],"about":[{"href":"https:\/\/www.caririemacao.com\/1\/wp-json\/wp\/v2\/types\/post"}],"author":[{"embeddable":true,"href":"https:\/\/www.caririemacao.com\/1\/wp-json\/wp\/v2\/users\/1"}],"replies":[{"embeddable":true,"href":"https:\/\/www.caririemacao.com\/1\/wp-json\/wp\/v2\/comments?post=135021"}],"version-history":[{"count":1,"href":"https:\/\/www.caririemacao.com\/1\/wp-json\/wp\/v2\/posts\/135021\/revisions"}],"predecessor-version":[{"id":135023,"href":"https:\/\/www.caririemacao.com\/1\/wp-json\/wp\/v2\/posts\/135021\/revisions\/135023"}],"wp:featuredmedia":[{"embeddable":true,"href":"https:\/\/www.caririemacao.com\/1\/wp-json\/wp\/v2\/media\/135022"}],"wp:attachment":[{"href":"https:\/\/www.caririemacao.com\/1\/wp-json\/wp\/v2\/media?parent=135021"}],"wp:term":[{"taxonomy":"category","embeddable":true,"href":"https:\/\/www.caririemacao.com\/1\/wp-json\/wp\/v2\/categories?post=135021"},{"taxonomy":"post_tag","embeddable":true,"href":"https:\/\/www.caririemacao.com\/1\/wp-json\/wp\/v2\/tags?post=135021"}],"curies":[{"name":"wp","href":"https:\/\/api.w.org\/{rel}","templated":true}]}}