{"id":135028,"date":"2019-11-13T13:31:24","date_gmt":"2019-11-13T16:31:24","guid":{"rendered":"http:\/\/www.caririemacao.com\/1\/?p=135028"},"modified":"2019-11-13T13:31:24","modified_gmt":"2019-11-13T16:31:24","slug":"lula-confirma-a-ricardo-coutinho-que-pretende-agendar-visita-a-paraiba","status":"publish","type":"post","link":"https:\/\/www.caririemacao.com\/1\/2019\/11\/13\/lula-confirma-a-ricardo-coutinho-que-pretende-agendar-visita-a-paraiba\/","title":{"rendered":"Lula confirma a Ricardo Coutinho que pretende agendar visita \u00e0 Para\u00edba"},"content":{"rendered":"\n<p>O ex-governador Ricardo Coutinho e o ex-presidente Lula se encontraram na manh\u00e3 desta ter\u00e7a-feira (12) em S\u00e3o Paulo. Eles conversaram pessoalmente no Instituto Lula, localizado em S\u00e3o Paulo, pela primeira depois que Lula foi solto, na \u00faltima sexta-feira (08).<\/p>\n\n\n\n<p>Lula agradeceu a visita de Ricardo e comentou que pretende agendar uma data para vir \u00e0 Para\u00edba. Os dois conversaram sobre as possibilidades e os rumos do Nordeste, do Brasil e da Am\u00e9rica Latina.<\/p>\n\n\n\n<p>O ex-presidente comentou sua tristeza em rela\u00e7\u00e3o \u00e0 aus\u00eancia no movimento Pr\u00f3-Transposi\u00e7\u00e3o, que aconteceu em Monteiro neste ano. Mesmo estando preso na ocasi\u00e3o ao ato pela Transposi\u00e7\u00e3o, Lula garantiu que seu cora\u00e7\u00e3o estava l\u00e1.<\/p>\n\n\n\n<p>No m\u00eas de maio deste ano Ricardo Coutinho foi at\u00e9 Curitiba para visitar o ex-presidente Lula, que estava preso na Superintend\u00eancia da Pol\u00edcia Federal. Na \u00e9poca, Ricardo havia comentado sobre a motiva\u00e7\u00e3o de Lula e destacado a sua vontade em ser inocentado das acusa\u00e7\u00f5es.<\/p>\n\n\n\n<figure class=\"wp-block-image\"><img decoding=\"async\" data-src=\"https:\/\/www.clickpb.com.br\/media\/filer_public\/6a\/6f\/6a6fe67a-42de-4d8a-9063-d84ed77b1182\/lula_-_ricardo_coutinho.png\" alt=\"\" src=\"data:image\/svg+xml;base64,PHN2ZyB3aWR0aD0iMSIgaGVpZ2h0PSIxIiB4bWxucz0iaHR0cDovL3d3dy53My5vcmcvMjAwMC9zdmciPjwvc3ZnPg==\" class=\"lazyload\" \/><\/figure>\n\n\n\n<figure><iframe width=\"1349\" height=\"480\" data-src=\"https:\/\/www.youtube.com\/embed\/Ha8pphxbwEY\" allowfullscreen=\"\" src=\"data:image\/svg+xml;base64,PHN2ZyB3aWR0aD0iMSIgaGVpZ2h0PSIxIiB4bWxucz0iaHR0cDovL3d3dy53My5vcmcvMjAwMC9zdmciPjwvc3ZnPg==\" class=\"lazyload\" data-load-mode=\"1\"><\/iframe><\/figure>\n","protected":false},"excerpt":{"rendered":"<p>O ex-governador Ricardo Coutinho e o ex-presidente Lula se encontraram na manh\u00e3 desta ter\u00e7a-feira (12) em S\u00e3o Paulo. Eles conversaram pessoalmente no Instituto Lula, localizado&hellip; <\/p>\n","protected":false},"author":1,"featured_media":111975,"comment_status":"closed","ping_status":"closed","sticky":false,"template":"","format":"standard","meta":{"sfsi_plus_gutenberg_text_before_share":"","sfsi_plus_gutenberg_show_text_before_share":"","sfsi_plus_gutenberg_icon_type":"","sfsi_plus_gutenberg_icon_alignemt":"","sfsi_plus_gutenburg_max_per_row":"","footnotes":""},"categories":[11],"tags":[],"class_list":["post-135028","post","type-post","status-publish","format-standard","has-post-thumbnail","hentry","category-politica"],"_links":{"self":[{"href":"https:\/\/www.caririemacao.com\/1\/wp-json\/wp\/v2\/posts\/135028","targetHints":{"allow":["GET"]}}],"collection":[{"href":"https:\/\/www.caririemacao.com\/1\/wp-json\/wp\/v2\/posts"}],"about":[{"href":"https:\/\/www.caririemacao.com\/1\/wp-json\/wp\/v2\/types\/post"}],"author":[{"embeddable":true,"href":"https:\/\/www.caririemacao.com\/1\/wp-json\/wp\/v2\/users\/1"}],"replies":[{"embeddable":true,"href":"https:\/\/www.caririemacao.com\/1\/wp-json\/wp\/v2\/comments?post=135028"}],"version-history":[{"count":1,"href":"https:\/\/www.caririemacao.com\/1\/wp-json\/wp\/v2\/posts\/135028\/revisions"}],"predecessor-version":[{"id":135030,"href":"https:\/\/www.caririemacao.com\/1\/wp-json\/wp\/v2\/posts\/135028\/revisions\/135030"}],"wp:featuredmedia":[{"embeddable":true,"href":"https:\/\/www.caririemacao.com\/1\/wp-json\/wp\/v2\/media\/111975"}],"wp:attachment":[{"href":"https:\/\/www.caririemacao.com\/1\/wp-json\/wp\/v2\/media?parent=135028"}],"wp:term":[{"taxonomy":"category","embeddable":true,"href":"https:\/\/www.caririemacao.com\/1\/wp-json\/wp\/v2\/categories?post=135028"},{"taxonomy":"post_tag","embeddable":true,"href":"https:\/\/www.caririemacao.com\/1\/wp-json\/wp\/v2\/tags?post=135028"}],"curies":[{"name":"wp","href":"https:\/\/api.w.org\/{rel}","templated":true}]}}