{"id":135039,"date":"2019-11-13T13:36:50","date_gmt":"2019-11-13T16:36:50","guid":{"rendered":"http:\/\/www.caririemacao.com\/1\/?p=135039"},"modified":"2019-11-13T13:36:50","modified_gmt":"2019-11-13T16:36:50","slug":"operacao-desarticula-quadrilha-envolvida-em-ataques-a-bancos-e-trafico-de-drogas-na-paraiba-e-pernambuco","status":"publish","type":"post","link":"https:\/\/www.caririemacao.com\/1\/2019\/11\/13\/operacao-desarticula-quadrilha-envolvida-em-ataques-a-bancos-e-trafico-de-drogas-na-paraiba-e-pernambuco\/","title":{"rendered":"Opera\u00e7\u00e3o desarticula quadrilha envolvida em ataques a bancos e tr\u00e1fico de drogas na Para\u00edba e Pernambuco"},"content":{"rendered":"\n<p>A Pol\u00edcia Militar desarticulou uma quadrilha envolvida em ataques a bancos e tr\u00e1fico de drogas interestadual, que era liderada por um fugitivo do sistema penitenci\u00e1rio da Para\u00edba, nesta quarta-feira (13).&nbsp;Na a\u00e7\u00e3o foram presos quatro acusados e apreendidas&nbsp;duas pistolas &#8211; uma delas de calibre 9 mil\u00edmetros, uma carabina, duas espingardas, um rev\u00f3lver, v\u00e1rios explosivos, muni\u00e7\u00f5es, roupas camufladas, luvas, entre outros materiais, na cidade de Santana de Mangueira, no Sert\u00e3o paraibano.&nbsp;<br><\/p>\n\n\n\n<p>Al\u00e9m dos ataques a bancos, eles estariam atuando no tr\u00e1fico dos Estados da Para\u00edba e Pernambuco.&nbsp;<\/p>\n\n\n\n<p>O grupo estava em um s\u00edtio planejando ataques a bancos da regi\u00e3o para os pr\u00f3ximos dias, conforme os levantamentos realizados pela PM. O local foi cercado por equipes do 13\u00ba Batalh\u00e3o e Grupamento Especializado de Opera\u00e7\u00f5es em \u00e1rea de Caatinga (Geosac). Os suspeitos reagiram atirando contra os policiais e teve in\u00edcio um confronto.<\/p>\n\n\n\n<p>O l\u00edder da quadrilha, identificado como Jos\u00e9 Valdeir C\u00e2ndido Rodrigues (O Gordo), 30 anos, que estava foragido da Penitenci\u00e1ria Juiz Hitler Cantalice (a m\u00e9dia de Mangabeira), em Jo\u00e3o Pessoa, desde novembro do ano passado, saiu ferido e acabou morrendo. Ele foi preso pela Pol\u00edcia Federal em 2012, na cidade de Princesa Isabel, juntamente com um grupo que atuava na distribui\u00e7\u00e3o de drogas vindas de S\u00e3o Paulo, para a Para\u00edba e Pernambuco. Na \u00e9poca, ele foi encaminhado para a Penitenci\u00e1ria Romero N\u00f3brega, em Patos, mas foi transferido para o PB-1 em janeiro de 2017, ap\u00f3s envolvimento na morte de dois detentos, dentro da unidade prisional de Patos. Ap\u00f3s a mudan\u00e7a de regime de cumprimento das pena, ele foi transferido para o Hitler Cantalice, quando deixou e comparecer e passou a ser considerado foragido.<\/p>\n\n\n\n<p>Os outros presos na opera\u00e7\u00e3o,&nbsp;tr\u00eas homens e uma mulher, cujas identidades ainda est\u00e3o sendo confirmadas, foram encaminhados para a&nbsp;Delegacia de Pol\u00edcia Civil, em Concei\u00e7\u00e3o.&nbsp;<\/p>\n","protected":false},"excerpt":{"rendered":"<p>A Pol\u00edcia Militar desarticulou uma quadrilha envolvida em ataques a bancos e tr\u00e1fico de drogas interestadual, que era liderada por um fugitivo do sistema penitenci\u00e1rio&hellip; <\/p>\n","protected":false},"author":1,"featured_media":135041,"comment_status":"closed","ping_status":"closed","sticky":false,"template":"","format":"standard","meta":{"sfsi_plus_gutenberg_text_before_share":"","sfsi_plus_gutenberg_show_text_before_share":"","sfsi_plus_gutenberg_icon_type":"","sfsi_plus_gutenberg_icon_alignemt":"","sfsi_plus_gutenburg_max_per_row":"","footnotes":""},"categories":[12],"tags":[],"class_list":["post-135039","post","type-post","status-publish","format-standard","has-post-thumbnail","hentry","category-policia"],"_links":{"self":[{"href":"https:\/\/www.caririemacao.com\/1\/wp-json\/wp\/v2\/posts\/135039","targetHints":{"allow":["GET"]}}],"collection":[{"href":"https:\/\/www.caririemacao.com\/1\/wp-json\/wp\/v2\/posts"}],"about":[{"href":"https:\/\/www.caririemacao.com\/1\/wp-json\/wp\/v2\/types\/post"}],"author":[{"embeddable":true,"href":"https:\/\/www.caririemacao.com\/1\/wp-json\/wp\/v2\/users\/1"}],"replies":[{"embeddable":true,"href":"https:\/\/www.caririemacao.com\/1\/wp-json\/wp\/v2\/comments?post=135039"}],"version-history":[{"count":1,"href":"https:\/\/www.caririemacao.com\/1\/wp-json\/wp\/v2\/posts\/135039\/revisions"}],"predecessor-version":[{"id":135042,"href":"https:\/\/www.caririemacao.com\/1\/wp-json\/wp\/v2\/posts\/135039\/revisions\/135042"}],"wp:featuredmedia":[{"embeddable":true,"href":"https:\/\/www.caririemacao.com\/1\/wp-json\/wp\/v2\/media\/135041"}],"wp:attachment":[{"href":"https:\/\/www.caririemacao.com\/1\/wp-json\/wp\/v2\/media?parent=135039"}],"wp:term":[{"taxonomy":"category","embeddable":true,"href":"https:\/\/www.caririemacao.com\/1\/wp-json\/wp\/v2\/categories?post=135039"},{"taxonomy":"post_tag","embeddable":true,"href":"https:\/\/www.caririemacao.com\/1\/wp-json\/wp\/v2\/tags?post=135039"}],"curies":[{"name":"wp","href":"https:\/\/api.w.org\/{rel}","templated":true}]}}