{"id":135045,"date":"2019-11-13T13:42:34","date_gmt":"2019-11-13T16:42:34","guid":{"rendered":"http:\/\/www.caririemacao.com\/1\/?p=135045"},"modified":"2019-11-13T13:42:34","modified_gmt":"2019-11-13T16:42:34","slug":"volante-paulista-e-mais-um-reforco-para-o-atletico-de-cajazeiras","status":"publish","type":"post","link":"https:\/\/www.caririemacao.com\/1\/2019\/11\/13\/volante-paulista-e-mais-um-reforco-para-o-atletico-de-cajazeiras\/","title":{"rendered":"Volante paulista \u00e9 mais um refor\u00e7o para o Atl\u00e9tico de Cajazeiras"},"content":{"rendered":"\n<p><br>Com a pr\u00e9-temporada em andamento, em S\u00e3o Paulo, h\u00e1 duas semanas, o Atl\u00e9tico de Cajazeiras continua se refor\u00e7ando para a temporada 2020, ano em que vai disputar o Campeonato Paraibano e a S\u00e9rie D do Brasileiro.<\/p>\n\n\n\n<figure class=\"wp-block-image\"><img decoding=\"async\" data-src=\"https:\/\/paraibaonline.com.br\/wp-content\/uploads\/2019\/11\/EdgarSilva-567x365.jpg\" alt=\"\" class=\"wp-image-818915 lazyload\" src=\"data:image\/svg+xml;base64,PHN2ZyB3aWR0aD0iMSIgaGVpZ2h0PSIxIiB4bWxucz0iaHR0cDovL3d3dy53My5vcmcvMjAwMC9zdmciPjwvc3ZnPg==\" style=\"--smush-placeholder-width: 567px; --smush-placeholder-aspect-ratio: 567\/365;\" \/><\/figure>\n\n\n\n<p>Foto: Divulga\u00e7\u00e3o<\/p>\n\n\n\n<p>Nesta ter\u00e7a-feira (12) a diretoria do Trov\u00e3o Azul anunciou a aquisi\u00e7\u00e3o do volante Edgar Silva, de 31 anos.<\/p>\n\n\n\n<p>O atleta paulista, natural de Guarulhos, \u00e9 mais uma op\u00e7\u00e3o meio-campo do treinador Ederson Ara\u00fajo, que j\u00e1 soma sete refor\u00e7os no setor para a pr\u00f3xima temporada e 23 ao todo.<\/p>\n\n\n\n<p>Edgar Silva acumula passagens por clubes do futebol paulista, como Oeste, Comercial e Taubat\u00e9, mas vinha atuando no futebol eg\u00edpcio, pelo Al Moqaweloon.<\/p>\n\n\n\n<p>Esta ser\u00e1 a primeira temporada do jogador pelo futebol paraibano.<\/p>\n\n\n\n<p>No Atl\u00e9tico-PB, Edgar ter\u00e1 a concorr\u00eancia de seis jogadores que atuam pelo setor de meio de campo. Integram o elenco do Trov\u00e3o Azul os volantes Ferrugem, C\u00e1ssio e Ca\u00edque e os meias Marcinho, Gabriel Mendes e Higor Cust\u00f3dio.<\/p>\n\n\n\n<p>O Azulino cajazeirense est\u00e1 no Grupo A, junto com Botafogo-PB, Treze, Perilima e Sport-PB. Entretanto, durante a primeira fase, vai enfrentar os advers\u00e1rios da Chave B, que \u00e9 composta por Campinense, Sousa, Nacional de Patos, CSP e S\u00e3o Paulo Crystal.<\/p>\n","protected":false},"excerpt":{"rendered":"<p>Com a pr\u00e9-temporada em andamento, em S\u00e3o Paulo, h\u00e1 duas semanas, o Atl\u00e9tico de Cajazeiras continua se refor\u00e7ando para a temporada 2020, ano em que&hellip; <\/p>\n","protected":false},"author":1,"featured_media":135047,"comment_status":"closed","ping_status":"closed","sticky":false,"template":"","format":"standard","meta":{"sfsi_plus_gutenberg_text_before_share":"","sfsi_plus_gutenberg_show_text_before_share":"","sfsi_plus_gutenberg_icon_type":"","sfsi_plus_gutenberg_icon_alignemt":"","sfsi_plus_gutenburg_max_per_row":"","footnotes":""},"categories":[13],"tags":[],"class_list":["post-135045","post","type-post","status-publish","format-standard","has-post-thumbnail","hentry","category-esportes"],"_links":{"self":[{"href":"https:\/\/www.caririemacao.com\/1\/wp-json\/wp\/v2\/posts\/135045","targetHints":{"allow":["GET"]}}],"collection":[{"href":"https:\/\/www.caririemacao.com\/1\/wp-json\/wp\/v2\/posts"}],"about":[{"href":"https:\/\/www.caririemacao.com\/1\/wp-json\/wp\/v2\/types\/post"}],"author":[{"embeddable":true,"href":"https:\/\/www.caririemacao.com\/1\/wp-json\/wp\/v2\/users\/1"}],"replies":[{"embeddable":true,"href":"https:\/\/www.caririemacao.com\/1\/wp-json\/wp\/v2\/comments?post=135045"}],"version-history":[{"count":1,"href":"https:\/\/www.caririemacao.com\/1\/wp-json\/wp\/v2\/posts\/135045\/revisions"}],"predecessor-version":[{"id":135048,"href":"https:\/\/www.caririemacao.com\/1\/wp-json\/wp\/v2\/posts\/135045\/revisions\/135048"}],"wp:featuredmedia":[{"embeddable":true,"href":"https:\/\/www.caririemacao.com\/1\/wp-json\/wp\/v2\/media\/135047"}],"wp:attachment":[{"href":"https:\/\/www.caririemacao.com\/1\/wp-json\/wp\/v2\/media?parent=135045"}],"wp:term":[{"taxonomy":"category","embeddable":true,"href":"https:\/\/www.caririemacao.com\/1\/wp-json\/wp\/v2\/categories?post=135045"},{"taxonomy":"post_tag","embeddable":true,"href":"https:\/\/www.caririemacao.com\/1\/wp-json\/wp\/v2\/tags?post=135045"}],"curies":[{"name":"wp","href":"https:\/\/api.w.org\/{rel}","templated":true}]}}