{"id":135055,"date":"2019-11-13T13:45:26","date_gmt":"2019-11-13T16:45:26","guid":{"rendered":"http:\/\/www.caririemacao.com\/1\/?p=135055"},"modified":"2019-11-13T13:45:26","modified_gmt":"2019-11-13T16:45:26","slug":"transtorno-de-ansiedade-saiba-as-causas-e-tratamento","status":"publish","type":"post","link":"https:\/\/www.caririemacao.com\/1\/2019\/11\/13\/transtorno-de-ansiedade-saiba-as-causas-e-tratamento\/","title":{"rendered":"Transtorno de ansiedade: Saiba as causas e tratamento"},"content":{"rendered":"\n<p>A Organiza\u00e7\u00e3o Mundial da Sa\u00fade (OMS) publicou em 2017 um documento com estat\u00edsticas dos dist\u00farbios psiqui\u00e1tricos ao redor do mundo. Os transtornos de ansiedade atingem 19,4 milh\u00f5es de brasileiros.<\/p>\n\n\n\n<p>Durante entrevista concedida a uma emissora de r\u00e1dio local nesta ter\u00e7a-feira (12), a professora da Unifacisa, Renata Oliveira, ressaltou que os componentes gen\u00e9ticos tamb\u00e9m est\u00e3o ligados ao desenvolvimento de transtornos de ansiedade.<\/p>\n\n\n\n<p>\u2013 Os transtornos de ansiedade s\u00e3o v\u00e1rios, segundo o Manual de Diagn\u00f3stico de Sa\u00fade Mental, e v\u00e3o desde os mais leves at\u00e9 os mais graves. Tem a configura\u00e7\u00e3o tamb\u00e9m do transtorno de p\u00e2nico, tem as fobias e aparece de diversas formas. Tem uma determina\u00e7\u00e3o gen\u00e9tica. Possivelmente, se o av\u00f3 e a av\u00f4 tem essa tend\u00eancia ansiosa \u00e9 mais prov\u00e1vel ter. Tem a quest\u00e3o de personalidade, a quest\u00e3o ambiental ou psicossocial \u2013 disse.<\/p>\n\n\n\n<p>Os transtornos incluem fobia, transtorno obsessivo-compulsivo, estresse p\u00f3s-traum\u00e1tico e ataque de p\u00e2nico.<\/p>\n\n\n\n<p>As pessoas que t\u00eam transtorno de ansiedade podem tratar a doen\u00e7a com psicoterapia e medicamentos.<\/p>\n\n\n\n<p>Se sentir altera\u00e7\u00f5es de humor ou se estiver de alguma maneira incomodado com pensamentos que n\u00e3o saem de sua cabe\u00e7a \u00e9 aconselh\u00e1vel procurar um psic\u00f3logo ou psiquiatra.<\/p>\n","protected":false},"excerpt":{"rendered":"<p>A Organiza\u00e7\u00e3o Mundial da Sa\u00fade (OMS) publicou em 2017 um documento com estat\u00edsticas dos dist\u00farbios psiqui\u00e1tricos ao redor do mundo. Os transtornos de ansiedade atingem&hellip; <\/p>\n","protected":false},"author":1,"featured_media":135057,"comment_status":"closed","ping_status":"closed","sticky":false,"template":"","format":"standard","meta":{"sfsi_plus_gutenberg_text_before_share":"","sfsi_plus_gutenberg_show_text_before_share":"","sfsi_plus_gutenberg_icon_type":"","sfsi_plus_gutenberg_icon_alignemt":"","sfsi_plus_gutenburg_max_per_row":"","footnotes":""},"categories":[16],"tags":[],"class_list":["post-135055","post","type-post","status-publish","format-standard","has-post-thumbnail","hentry","category-saude"],"_links":{"self":[{"href":"https:\/\/www.caririemacao.com\/1\/wp-json\/wp\/v2\/posts\/135055","targetHints":{"allow":["GET"]}}],"collection":[{"href":"https:\/\/www.caririemacao.com\/1\/wp-json\/wp\/v2\/posts"}],"about":[{"href":"https:\/\/www.caririemacao.com\/1\/wp-json\/wp\/v2\/types\/post"}],"author":[{"embeddable":true,"href":"https:\/\/www.caririemacao.com\/1\/wp-json\/wp\/v2\/users\/1"}],"replies":[{"embeddable":true,"href":"https:\/\/www.caririemacao.com\/1\/wp-json\/wp\/v2\/comments?post=135055"}],"version-history":[{"count":1,"href":"https:\/\/www.caririemacao.com\/1\/wp-json\/wp\/v2\/posts\/135055\/revisions"}],"predecessor-version":[{"id":135058,"href":"https:\/\/www.caririemacao.com\/1\/wp-json\/wp\/v2\/posts\/135055\/revisions\/135058"}],"wp:featuredmedia":[{"embeddable":true,"href":"https:\/\/www.caririemacao.com\/1\/wp-json\/wp\/v2\/media\/135057"}],"wp:attachment":[{"href":"https:\/\/www.caririemacao.com\/1\/wp-json\/wp\/v2\/media?parent=135055"}],"wp:term":[{"taxonomy":"category","embeddable":true,"href":"https:\/\/www.caririemacao.com\/1\/wp-json\/wp\/v2\/categories?post=135055"},{"taxonomy":"post_tag","embeddable":true,"href":"https:\/\/www.caririemacao.com\/1\/wp-json\/wp\/v2\/tags?post=135055"}],"curies":[{"name":"wp","href":"https:\/\/api.w.org\/{rel}","templated":true}]}}