{"id":135067,"date":"2019-11-13T15:33:09","date_gmt":"2019-11-13T18:33:09","guid":{"rendered":"http:\/\/www.caririemacao.com\/1\/?p=135067"},"modified":"2019-11-13T15:33:09","modified_gmt":"2019-11-13T18:33:09","slug":"prefeito-de-camalau-tem-aprovacao-de-725-de-sua-gestao","status":"publish","type":"post","link":"https:\/\/www.caririemacao.com\/1\/2019\/11\/13\/prefeito-de-camalau-tem-aprovacao-de-725-de-sua-gestao\/","title":{"rendered":"Prefeito de Camala\u00fa tem aprova\u00e7\u00e3o de 72,5% de sua gest\u00e3o"},"content":{"rendered":"\n<p>A gest\u00e3o do prefeito de Camala\u00fa foi a mais bem avaliada no Cariri com aprova\u00e7\u00e3o em nota m\u00e1xima obtendo 72,5% dos votos computados.&nbsp;Em Camala\u00fa votaram 437 pessoas na avalia\u00e7\u00e3o online que teve dura\u00e7\u00e3o de uma semana e foi a gest\u00e3o mais bem avaliada em toda a regi\u00e3o do Cariri, a enquete avaliou a gest\u00e3o em sete cidades da regi\u00e3o. Os internautas votaram classificando de 0 a 10 respondendo uma unica vez, com exer\u00e7\u00e3o das \u00e1reas de investimento poderiam se selecionada mais de uma.&nbsp;De todas as quest\u00f5es respondidas o Prefeito Sandro M\u00f4co teve 72,5% de aprova\u00e7\u00e3o, tornando-se o gestor mais bem avaliado.<strong>Veja resultado Abaixo:<\/strong><\/p>\n\n\n\n<div class=\"wp-block-image\"><figure class=\"aligncenter\"><a href=\"https:\/\/www.portaltvcariri.com.br\/resultado-avaliacao-da-gestao-sandro-moco-em-camalau\/camalau-5\/\"><img decoding=\"async\" data-src=\"https:\/\/www.portaltvcariri.com.br\/wp-content\/uploads\/2019\/11\/Camala%C3%BA.jpeg\" alt=\"Camala\u00fa\" class=\"wp-image-96819 lazyload\" src=\"data:image\/svg+xml;base64,PHN2ZyB3aWR0aD0iMSIgaGVpZ2h0PSIxIiB4bWxucz0iaHR0cDovL3d3dy53My5vcmcvMjAwMC9zdmciPjwvc3ZnPg==\" \/><\/a><\/figure><\/div>\n\n\n\n<p>Portal TV Cariri<\/p>\n","protected":false},"excerpt":{"rendered":"<p>A gest\u00e3o do prefeito de Camala\u00fa foi a mais bem avaliada no Cariri com aprova\u00e7\u00e3o em nota m\u00e1xima obtendo 72,5% dos votos computados.&nbsp;Em Camala\u00fa votaram&hellip; <\/p>\n","protected":false},"author":1,"featured_media":112422,"comment_status":"closed","ping_status":"closed","sticky":false,"template":"","format":"standard","meta":{"sfsi_plus_gutenberg_text_before_share":"","sfsi_plus_gutenberg_show_text_before_share":"","sfsi_plus_gutenberg_icon_type":"","sfsi_plus_gutenberg_icon_alignemt":"","sfsi_plus_gutenburg_max_per_row":"","footnotes":""},"categories":[6],"tags":[],"class_list":["post-135067","post","type-post","status-publish","format-standard","has-post-thumbnail","hentry","category-cidades"],"_links":{"self":[{"href":"https:\/\/www.caririemacao.com\/1\/wp-json\/wp\/v2\/posts\/135067","targetHints":{"allow":["GET"]}}],"collection":[{"href":"https:\/\/www.caririemacao.com\/1\/wp-json\/wp\/v2\/posts"}],"about":[{"href":"https:\/\/www.caririemacao.com\/1\/wp-json\/wp\/v2\/types\/post"}],"author":[{"embeddable":true,"href":"https:\/\/www.caririemacao.com\/1\/wp-json\/wp\/v2\/users\/1"}],"replies":[{"embeddable":true,"href":"https:\/\/www.caririemacao.com\/1\/wp-json\/wp\/v2\/comments?post=135067"}],"version-history":[{"count":1,"href":"https:\/\/www.caririemacao.com\/1\/wp-json\/wp\/v2\/posts\/135067\/revisions"}],"predecessor-version":[{"id":135069,"href":"https:\/\/www.caririemacao.com\/1\/wp-json\/wp\/v2\/posts\/135067\/revisions\/135069"}],"wp:featuredmedia":[{"embeddable":true,"href":"https:\/\/www.caririemacao.com\/1\/wp-json\/wp\/v2\/media\/112422"}],"wp:attachment":[{"href":"https:\/\/www.caririemacao.com\/1\/wp-json\/wp\/v2\/media?parent=135067"}],"wp:term":[{"taxonomy":"category","embeddable":true,"href":"https:\/\/www.caririemacao.com\/1\/wp-json\/wp\/v2\/categories?post=135067"},{"taxonomy":"post_tag","embeddable":true,"href":"https:\/\/www.caririemacao.com\/1\/wp-json\/wp\/v2\/tags?post=135067"}],"curies":[{"name":"wp","href":"https:\/\/api.w.org\/{rel}","templated":true}]}}