{"id":135076,"date":"2019-11-13T15:37:42","date_gmt":"2019-11-13T18:37:42","guid":{"rendered":"http:\/\/www.caririemacao.com\/1\/?p=135076"},"modified":"2019-11-13T15:37:42","modified_gmt":"2019-11-13T18:37:42","slug":"prefeito-sandro-moco-participa-de-acao-do-novembro-azul-em-camalau","status":"publish","type":"post","link":"https:\/\/www.caririemacao.com\/1\/2019\/11\/13\/prefeito-sandro-moco-participa-de-acao-do-novembro-azul-em-camalau\/","title":{"rendered":"Prefeito Sandro M\u00f4co participa de a\u00e7\u00e3o do Novembro Azul em Camala\u00fa"},"content":{"rendered":"\n<p>O prefeito de Camala\u00fa Sandro M\u00f4co participou na manha desta quarta feira, 13, de uma grande a\u00e7\u00e3o promovida pela prefeitura municipal,&nbsp;&nbsp;na Unidade B\u00e1sica de Sa\u00fade alusiva ao Novembro Azul.<br>O evento coordenado pela secretaria de sa\u00fade, foi para alertar aos homens, em rela\u00e7\u00e3o \u00e0 preven\u00e7\u00e3o do C\u00e2ncer de Pr\u00f3stata.<br>Na ocasi\u00e3o, estiveram presentes mais de 100 homens da comunidade de Camala\u00fa.<br>Dentro da programa\u00e7\u00e3o, foi servido um caf\u00e9 da manh\u00e3, foram proferidas palestras pela equipe de Sa\u00fade, bem como foram realizados exames de PSA e testes r\u00e1pidos.<br>&#8220;Os homens de Camala\u00fa est\u00e3o de parab\u00e9ns, e a nossa gest\u00e3o vai estar n\u00e3o s\u00f3 durante todo este m\u00eas, mas durante todos os anos, alertando para que estes homens tomem os cuidados necess\u00e1rios com a sua sa\u00fade\u201d, disse o prefeito Sandro M\u00f4co.<br>F\u00c1BIO BRITO<\/p>\n","protected":false},"excerpt":{"rendered":"<p>O prefeito de Camala\u00fa Sandro M\u00f4co participou na manha desta quarta feira, 13, de uma grande a\u00e7\u00e3o promovida pela prefeitura municipal,&nbsp;&nbsp;na Unidade B\u00e1sica de Sa\u00fade&hellip; <\/p>\n","protected":false},"author":1,"featured_media":135077,"comment_status":"closed","ping_status":"closed","sticky":false,"template":"","format":"standard","meta":{"sfsi_plus_gutenberg_text_before_share":"","sfsi_plus_gutenberg_show_text_before_share":"","sfsi_plus_gutenberg_icon_type":"","sfsi_plus_gutenberg_icon_alignemt":"","sfsi_plus_gutenburg_max_per_row":"","footnotes":""},"categories":[2],"tags":[],"class_list":["post-135076","post","type-post","status-publish","format-standard","has-post-thumbnail","hentry","category-geral"],"_links":{"self":[{"href":"https:\/\/www.caririemacao.com\/1\/wp-json\/wp\/v2\/posts\/135076","targetHints":{"allow":["GET"]}}],"collection":[{"href":"https:\/\/www.caririemacao.com\/1\/wp-json\/wp\/v2\/posts"}],"about":[{"href":"https:\/\/www.caririemacao.com\/1\/wp-json\/wp\/v2\/types\/post"}],"author":[{"embeddable":true,"href":"https:\/\/www.caririemacao.com\/1\/wp-json\/wp\/v2\/users\/1"}],"replies":[{"embeddable":true,"href":"https:\/\/www.caririemacao.com\/1\/wp-json\/wp\/v2\/comments?post=135076"}],"version-history":[{"count":1,"href":"https:\/\/www.caririemacao.com\/1\/wp-json\/wp\/v2\/posts\/135076\/revisions"}],"predecessor-version":[{"id":135078,"href":"https:\/\/www.caririemacao.com\/1\/wp-json\/wp\/v2\/posts\/135076\/revisions\/135078"}],"wp:featuredmedia":[{"embeddable":true,"href":"https:\/\/www.caririemacao.com\/1\/wp-json\/wp\/v2\/media\/135077"}],"wp:attachment":[{"href":"https:\/\/www.caririemacao.com\/1\/wp-json\/wp\/v2\/media?parent=135076"}],"wp:term":[{"taxonomy":"category","embeddable":true,"href":"https:\/\/www.caririemacao.com\/1\/wp-json\/wp\/v2\/categories?post=135076"},{"taxonomy":"post_tag","embeddable":true,"href":"https:\/\/www.caririemacao.com\/1\/wp-json\/wp\/v2\/tags?post=135076"}],"curies":[{"name":"wp","href":"https:\/\/api.w.org\/{rel}","templated":true}]}}