{"id":135089,"date":"2019-11-13T15:42:43","date_gmt":"2019-11-13T18:42:43","guid":{"rendered":"http:\/\/www.caririemacao.com\/1\/?p=135089"},"modified":"2019-11-13T15:42:43","modified_gmt":"2019-11-13T18:42:43","slug":"gestao-de-ss-do-umbuzeiro-inicia-obras-da-pb-264-sentido-fronteira-com-pernambuco-em-parceria-com-o-governo-do-estado","status":"publish","type":"post","link":"https:\/\/www.caririemacao.com\/1\/2019\/11\/13\/gestao-de-ss-do-umbuzeiro-inicia-obras-da-pb-264-sentido-fronteira-com-pernambuco-em-parceria-com-o-governo-do-estado\/","title":{"rendered":"Gest\u00e3o de SS do Umbuzeiro inicia obras da PB 264 sentido fronteira com Pernambuco em parceria com o governo do estado"},"content":{"rendered":"\n<p>O prefeito de SS do Umbuzeiro Adriano Wolff confirmou que em parceria com o DER e Governo do Estado, a gest\u00e3o municipal iniciou a terraplanagem da estrada que liga S\u00e3o Sebasti\u00e3o do Umbuzeiro \u00e0 divisa com o Pernambuco.<br>Trata-se de uma das mais importantes e aguardadas obras da regi\u00e3o, solicita\u00e7\u00e3o constante da popula\u00e7\u00e3o local.<br>\u201c\u00c9 uma luta nossa de muito tempo, e gra\u00e7as a Deus estamos realizando a obra como hav\u00edamos prometido \u00e0 popula\u00e7\u00e3o. Trata-se se de uma rodovia que \u00e9 muito utilizada por transportes da sa\u00fade e ve\u00edculos da pr\u00f3pria polu\u00e7\u00e3o urbana e rural, al\u00e9m do transporte escolar\u201d, disse o prefeito.<br>F\u00c1BIO BRITO<\/p>\n","protected":false},"excerpt":{"rendered":"<p>O prefeito de SS do Umbuzeiro Adriano Wolff confirmou que em parceria com o DER e Governo do Estado, a gest\u00e3o municipal iniciou a terraplanagem&hellip; <\/p>\n","protected":false},"author":1,"featured_media":135090,"comment_status":"closed","ping_status":"closed","sticky":false,"template":"","format":"standard","meta":{"sfsi_plus_gutenberg_text_before_share":"","sfsi_plus_gutenberg_show_text_before_share":"","sfsi_plus_gutenberg_icon_type":"","sfsi_plus_gutenberg_icon_alignemt":"","sfsi_plus_gutenburg_max_per_row":"","footnotes":""},"categories":[2],"tags":[],"class_list":["post-135089","post","type-post","status-publish","format-standard","has-post-thumbnail","hentry","category-geral"],"_links":{"self":[{"href":"https:\/\/www.caririemacao.com\/1\/wp-json\/wp\/v2\/posts\/135089","targetHints":{"allow":["GET"]}}],"collection":[{"href":"https:\/\/www.caririemacao.com\/1\/wp-json\/wp\/v2\/posts"}],"about":[{"href":"https:\/\/www.caririemacao.com\/1\/wp-json\/wp\/v2\/types\/post"}],"author":[{"embeddable":true,"href":"https:\/\/www.caririemacao.com\/1\/wp-json\/wp\/v2\/users\/1"}],"replies":[{"embeddable":true,"href":"https:\/\/www.caririemacao.com\/1\/wp-json\/wp\/v2\/comments?post=135089"}],"version-history":[{"count":1,"href":"https:\/\/www.caririemacao.com\/1\/wp-json\/wp\/v2\/posts\/135089\/revisions"}],"predecessor-version":[{"id":135091,"href":"https:\/\/www.caririemacao.com\/1\/wp-json\/wp\/v2\/posts\/135089\/revisions\/135091"}],"wp:featuredmedia":[{"embeddable":true,"href":"https:\/\/www.caririemacao.com\/1\/wp-json\/wp\/v2\/media\/135090"}],"wp:attachment":[{"href":"https:\/\/www.caririemacao.com\/1\/wp-json\/wp\/v2\/media?parent=135089"}],"wp:term":[{"taxonomy":"category","embeddable":true,"href":"https:\/\/www.caririemacao.com\/1\/wp-json\/wp\/v2\/categories?post=135089"},{"taxonomy":"post_tag","embeddable":true,"href":"https:\/\/www.caririemacao.com\/1\/wp-json\/wp\/v2\/tags?post=135089"}],"curies":[{"name":"wp","href":"https:\/\/api.w.org\/{rel}","templated":true}]}}