{"id":135096,"date":"2019-11-13T15:44:29","date_gmt":"2019-11-13T18:44:29","guid":{"rendered":"http:\/\/www.caririemacao.com\/1\/?p=135096"},"modified":"2019-11-13T15:44:29","modified_gmt":"2019-11-13T18:44:29","slug":"sao-sebastiao-do-umbuzeiro-pesquisa-aponta-vitoria-de-adriano-wolff-e-gestao-tem-85-de-aprovacao","status":"publish","type":"post","link":"https:\/\/www.caririemacao.com\/1\/2019\/11\/13\/sao-sebastiao-do-umbuzeiro-pesquisa-aponta-vitoria-de-adriano-wolff-e-gestao-tem-85-de-aprovacao\/","title":{"rendered":"S\u00c3O SEBASTI\u00c3O DO UMBUZEIRO: Pesquisa aponta vit\u00f3ria de Adriano Wolff e gest\u00e3o tem 85% de aprova\u00e7\u00e3o"},"content":{"rendered":"\n<figure class=\"wp-block-image\"><a href=\"https:\/\/1.bp.blogspot.com\/-HZMkN0cAG_o\/XcquGbGNQCI\/AAAAAAAAlfs\/hTW5nDMd09swunAJbpR9i3JrVpLbIXTfwCLcBGAsYHQ\/s1600\/adriano_nova.jpeg\"><img decoding=\"async\" data-src=\"https:\/\/1.bp.blogspot.com\/-HZMkN0cAG_o\/XcquGbGNQCI\/AAAAAAAAlfs\/hTW5nDMd09swunAJbpR9i3JrVpLbIXTfwCLcBGAsYHQ\/s640\/adriano_nova.jpeg\" alt=\"\" src=\"data:image\/svg+xml;base64,PHN2ZyB3aWR0aD0iMSIgaGVpZ2h0PSIxIiB4bWxucz0iaHR0cDovL3d3dy53My5vcmcvMjAwMC9zdmciPjwvc3ZnPg==\" class=\"lazyload\" \/><\/a><\/figure>\n\n\n\n<p>Se as elei\u00e7\u00f5es fossem hoje em S\u00e3o Sebasti\u00e3o do Umbuzeiro, o prefeito Adriano Wolff seria reeleito com 62% dos votos. \u00c9 o que aponta uma pesquisa realizada pelo site Cariri em A\u00e7\u00e3o, divulgada nesta segunda-feira (11).<\/p>\n\n\n\n<p>Em segundo lugar, aparece o vereador Lu\u00eds Filho, com 27% dos votos. 11% n\u00e3o quis opinar.<\/p>\n\n\n\n<p><strong>REJEI\u00c7\u00c3O<\/strong><\/p>\n\n\n\n<p>A pesquisa ainda avaliou a rejei\u00e7\u00e3o entre os pr\u00e9-candidatos. 54% dos entrevistados disseram n\u00e3o votar no vereador Lu\u00eds Filho. Adriano Wolff aparece com 19%. 27% n\u00e3o quis opinar.<\/p>\n\n\n\n<p><strong>APROVA\u00c7\u00c3O DO GOVERNO<\/strong><\/p>\n\n\n\n<p>Em recente pesquisa, a gest\u00e3o do prefeito Adriano Wolff tem 85% dos entrevistados, sendo a melhor avalia\u00e7\u00e3o da hist\u00f3ria<\/p>\n","protected":false},"excerpt":{"rendered":"<p>Se as elei\u00e7\u00f5es fossem hoje em S\u00e3o Sebasti\u00e3o do Umbuzeiro, o prefeito Adriano Wolff seria reeleito com 62% dos votos. \u00c9 o que aponta uma&hellip; <\/p>\n","protected":false},"author":1,"featured_media":34920,"comment_status":"closed","ping_status":"closed","sticky":false,"template":"","format":"standard","meta":{"sfsi_plus_gutenberg_text_before_share":"","sfsi_plus_gutenberg_show_text_before_share":"","sfsi_plus_gutenberg_icon_type":"","sfsi_plus_gutenberg_icon_alignemt":"","sfsi_plus_gutenburg_max_per_row":"","footnotes":""},"categories":[11],"tags":[],"class_list":["post-135096","post","type-post","status-publish","format-standard","has-post-thumbnail","hentry","category-politica"],"_links":{"self":[{"href":"https:\/\/www.caririemacao.com\/1\/wp-json\/wp\/v2\/posts\/135096","targetHints":{"allow":["GET"]}}],"collection":[{"href":"https:\/\/www.caririemacao.com\/1\/wp-json\/wp\/v2\/posts"}],"about":[{"href":"https:\/\/www.caririemacao.com\/1\/wp-json\/wp\/v2\/types\/post"}],"author":[{"embeddable":true,"href":"https:\/\/www.caririemacao.com\/1\/wp-json\/wp\/v2\/users\/1"}],"replies":[{"embeddable":true,"href":"https:\/\/www.caririemacao.com\/1\/wp-json\/wp\/v2\/comments?post=135096"}],"version-history":[{"count":1,"href":"https:\/\/www.caririemacao.com\/1\/wp-json\/wp\/v2\/posts\/135096\/revisions"}],"predecessor-version":[{"id":135098,"href":"https:\/\/www.caririemacao.com\/1\/wp-json\/wp\/v2\/posts\/135096\/revisions\/135098"}],"wp:featuredmedia":[{"embeddable":true,"href":"https:\/\/www.caririemacao.com\/1\/wp-json\/wp\/v2\/media\/34920"}],"wp:attachment":[{"href":"https:\/\/www.caririemacao.com\/1\/wp-json\/wp\/v2\/media?parent=135096"}],"wp:term":[{"taxonomy":"category","embeddable":true,"href":"https:\/\/www.caririemacao.com\/1\/wp-json\/wp\/v2\/categories?post=135096"},{"taxonomy":"post_tag","embeddable":true,"href":"https:\/\/www.caririemacao.com\/1\/wp-json\/wp\/v2\/tags?post=135096"}],"curies":[{"name":"wp","href":"https:\/\/api.w.org\/{rel}","templated":true}]}}