{"id":135105,"date":"2019-11-13T15:50:34","date_gmt":"2019-11-13T18:50:34","guid":{"rendered":"http:\/\/www.caririemacao.com\/1\/?p=135105"},"modified":"2019-11-13T15:50:34","modified_gmt":"2019-11-13T18:50:34","slug":"divulgado-resultado-do-concurso-publico-da-prefeitura-de-sume","status":"publish","type":"post","link":"https:\/\/www.caririemacao.com\/1\/2019\/11\/13\/divulgado-resultado-do-concurso-publico-da-prefeitura-de-sume\/","title":{"rendered":"Divulgado resultado do Concurso P\u00fablico da Prefeitura de Sum\u00e9"},"content":{"rendered":"\n<p>A Comiss\u00e3o Permanente de Concursos (CPCON) divulgou nesta quarta-feira (13), o resultado do Concurso P\u00fablico da Prefeitura de Sum\u00e9.<\/p>\n\n\n\n<p>Os candidatos podem conferir na p\u00e1gina da CPCON, atrav\u00e9s do link:&nbsp;<a href=\"https:\/\/cpcon.uepb.edu.br\/concursos\/2019_PM_SUME\/\" target=\"_blank\" rel=\"noreferrer noopener\">https:\/\/cpcon.uepb.edu.br\/concursos\/2019_PM_SUME\/<\/a>.<\/p>\n\n\n\n<p>Foram ofertadas no total 34 vagas, sendo 22 para os n\u00edveis m\u00e9dio\/t\u00e9cnico e 12 superior. Dessas, sete vagas s\u00e3o para pessoas com defici\u00eancia.<\/p>\n\n\n\n<p>Os cargos no Concurso s\u00e3o: Auxiliar de Desenvolvimento Cognitivo Infantil, Cuidador Educacional, T\u00e9cnico em Enfermagem, T\u00e9cnico em Contabilidade, T\u00e9cnico em Radiologia, Cirurgi\u00e3o Dentista, M\u00e9dico PSF, M\u00e9dico Psiquiatra, M\u00e9dico Pediatra, Professor \u2013 Inform\u00e1tica, Professor \u2013 Dan\u00e7a, Professor \u2013 Ingl\u00eas, Professor \u2013 M\u00fasica, Professor \u2013 Ci\u00eancias, Professor Multidisciplinar nos anos Finais do Ensino Fundamental II \u2013 Educa\u00e7\u00e3o do Campo, Professor Multidisciplinar nos anos Finais do Ensino Fundamental II &nbsp;\u2013 Educa\u00e7\u00e3o do Campo, Professor Multidisciplinar nos anos Finais do Ensino Fundamental II \u2013 Educa\u00e7\u00e3o do Campo.<\/p>\n\n\n\n<p>Os aprovados na \u00e1rea do magist\u00e9rio ainda passar\u00e3o por prova de t\u00edtulo. A divulga\u00e7\u00e3o e publica\u00e7\u00e3o do Edital de Convoca\u00e7\u00e3o para a prova de t\u00edtulos dever\u00e1 ser lan\u00e7ado ainda nesta quarta-feira (13), de acordo com o cronograma da CPCON, divulgado no Edital de Abertura do Concurso.<\/p>\n\n\n\n<p>Ascom<\/p>\n","protected":false},"excerpt":{"rendered":"<p>A Comiss\u00e3o Permanente de Concursos (CPCON) divulgou nesta quarta-feira (13), o resultado do Concurso P\u00fablico da Prefeitura de Sum\u00e9. Os candidatos podem conferir na p\u00e1gina&hellip; <\/p>\n","protected":false},"author":1,"featured_media":92258,"comment_status":"closed","ping_status":"closed","sticky":false,"template":"","format":"standard","meta":{"sfsi_plus_gutenberg_text_before_share":"","sfsi_plus_gutenberg_show_text_before_share":"","sfsi_plus_gutenberg_icon_type":"","sfsi_plus_gutenberg_icon_alignemt":"","sfsi_plus_gutenburg_max_per_row":"","footnotes":""},"categories":[50,2],"tags":[],"class_list":["post-135105","post","type-post","status-publish","format-standard","has-post-thumbnail","hentry","category-destaque","category-geral"],"_links":{"self":[{"href":"https:\/\/www.caririemacao.com\/1\/wp-json\/wp\/v2\/posts\/135105","targetHints":{"allow":["GET"]}}],"collection":[{"href":"https:\/\/www.caririemacao.com\/1\/wp-json\/wp\/v2\/posts"}],"about":[{"href":"https:\/\/www.caririemacao.com\/1\/wp-json\/wp\/v2\/types\/post"}],"author":[{"embeddable":true,"href":"https:\/\/www.caririemacao.com\/1\/wp-json\/wp\/v2\/users\/1"}],"replies":[{"embeddable":true,"href":"https:\/\/www.caririemacao.com\/1\/wp-json\/wp\/v2\/comments?post=135105"}],"version-history":[{"count":1,"href":"https:\/\/www.caririemacao.com\/1\/wp-json\/wp\/v2\/posts\/135105\/revisions"}],"predecessor-version":[{"id":135107,"href":"https:\/\/www.caririemacao.com\/1\/wp-json\/wp\/v2\/posts\/135105\/revisions\/135107"}],"wp:featuredmedia":[{"embeddable":true,"href":"https:\/\/www.caririemacao.com\/1\/wp-json\/wp\/v2\/media\/92258"}],"wp:attachment":[{"href":"https:\/\/www.caririemacao.com\/1\/wp-json\/wp\/v2\/media?parent=135105"}],"wp:term":[{"taxonomy":"category","embeddable":true,"href":"https:\/\/www.caririemacao.com\/1\/wp-json\/wp\/v2\/categories?post=135105"},{"taxonomy":"post_tag","embeddable":true,"href":"https:\/\/www.caririemacao.com\/1\/wp-json\/wp\/v2\/tags?post=135105"}],"curies":[{"name":"wp","href":"https:\/\/api.w.org\/{rel}","templated":true}]}}