{"id":135112,"date":"2019-11-13T15:52:38","date_gmt":"2019-11-13T18:52:38","guid":{"rendered":"http:\/\/www.caririemacao.com\/1\/?p=135112"},"modified":"2019-11-13T15:52:38","modified_gmt":"2019-11-13T18:52:38","slug":"seduc-de-monteiro-participa-do-forum-de-educacao-empreendedorismo-e-politicas-publicas","status":"publish","type":"post","link":"https:\/\/www.caririemacao.com\/1\/2019\/11\/13\/seduc-de-monteiro-participa-do-forum-de-educacao-empreendedorismo-e-politicas-publicas\/","title":{"rendered":"SEDUC de Monteiro participa do F\u00f3rum de Educa\u00e7\u00e3o, Empreendedorismo e Pol\u00edticas P\u00fablicas"},"content":{"rendered":"\n<p>A proposta do F\u00f3rum de Educa\u00e7\u00e3o, Empreendedorismo e Pol\u00edticas P\u00fablicas de debater como a uni\u00e3o entre o empreendedorismo, a educa\u00e7\u00e3o e as pol\u00edticas p\u00fablicas pode contribuir para o desenvolvimento sustent\u00e1vel de uma regi\u00e3o est\u00e1 sendo apresentada em Campina Grande desde a \u00faltima segunda-feira,11.<\/p>\n\n\n\n<p>Para participar do evento, que \u00e9 promovido pela grande parceira da Prefeitura de Monteiro, o Sebrae; a Secretaria de Educa\u00e7\u00e3o do munic\u00edpio enviou professores e diretores para juntamente com Patricia Barros compartilhar da discuss\u00e3o integrada de tr\u00eas temas que possuem muita relev\u00e2ncia social.<br>Neste sentido o munic\u00edpio de Monteiro se mant\u00e9m na vanguarda com duas escolas participando do Projeto Jovens Empreendedores Primeiros Passos \u2013 JEPP, o projeto j\u00e1 vem sendo executado com o alunado desde o in\u00edcio de 2018 e destaca-se por apresentar jovens talentos com tino empreendedor.<\/p>\n\n\n\n<p>O f\u00f3rum acontece em Campina Grande no Centro de Conven\u00e7\u00f5es do Garden Hotel. Com o tema \u201cEduca\u00e7\u00e3o, empreendedorismo e pol\u00edticas p\u00fablicas como fatores para o desenvolvimento\u201d, o evento faz parte das atividades deste ano da Semana Global de Empreendedorismo, reunindo durante dois dias agentes de desenvolvimento, empreendedores, educadores e gestores p\u00fablicos de toda a Para\u00edba.&nbsp;\u201cN\u00f3s vivenciamos a uni\u00e3o de temas que j\u00e1 foram impensados no caminho juntos. O f\u00f3rum teve o intuito de unir estes temas empreendedorismo, educa\u00e7\u00e3o e pol\u00edticas p\u00fablicas. N\u00f3s parabenizamos o Sebrae n\u00e3o s\u00f3 por este evento, mas tamb\u00e9m por ter proporcionado que os alunos j\u00e1 progredissem no empreendedorismo dentro da escola no ensino fundamental. Temos a plena confian\u00e7a que por essas pol\u00edticas a Educa\u00e7\u00e3o, professores, alunos, enfim Monteiro s\u00f3 est\u00e1 ganhando com tantos resultados\u201d, afirmou a gestora escolar Am\u00e9lia Caldeira.<\/p>\n","protected":false},"excerpt":{"rendered":"<p>A proposta do F\u00f3rum de Educa\u00e7\u00e3o, Empreendedorismo e Pol\u00edticas P\u00fablicas de debater como a uni\u00e3o entre o empreendedorismo, a educa\u00e7\u00e3o e as pol\u00edticas p\u00fablicas pode&hellip; <\/p>\n","protected":false},"author":1,"featured_media":135114,"comment_status":"closed","ping_status":"closed","sticky":false,"template":"","format":"standard","meta":{"sfsi_plus_gutenberg_text_before_share":"","sfsi_plus_gutenberg_show_text_before_share":"","sfsi_plus_gutenberg_icon_type":"","sfsi_plus_gutenberg_icon_alignemt":"","sfsi_plus_gutenburg_max_per_row":"","footnotes":""},"categories":[6],"tags":[],"class_list":["post-135112","post","type-post","status-publish","format-standard","has-post-thumbnail","hentry","category-cidades"],"_links":{"self":[{"href":"https:\/\/www.caririemacao.com\/1\/wp-json\/wp\/v2\/posts\/135112","targetHints":{"allow":["GET"]}}],"collection":[{"href":"https:\/\/www.caririemacao.com\/1\/wp-json\/wp\/v2\/posts"}],"about":[{"href":"https:\/\/www.caririemacao.com\/1\/wp-json\/wp\/v2\/types\/post"}],"author":[{"embeddable":true,"href":"https:\/\/www.caririemacao.com\/1\/wp-json\/wp\/v2\/users\/1"}],"replies":[{"embeddable":true,"href":"https:\/\/www.caririemacao.com\/1\/wp-json\/wp\/v2\/comments?post=135112"}],"version-history":[{"count":1,"href":"https:\/\/www.caririemacao.com\/1\/wp-json\/wp\/v2\/posts\/135112\/revisions"}],"predecessor-version":[{"id":135115,"href":"https:\/\/www.caririemacao.com\/1\/wp-json\/wp\/v2\/posts\/135112\/revisions\/135115"}],"wp:featuredmedia":[{"embeddable":true,"href":"https:\/\/www.caririemacao.com\/1\/wp-json\/wp\/v2\/media\/135114"}],"wp:attachment":[{"href":"https:\/\/www.caririemacao.com\/1\/wp-json\/wp\/v2\/media?parent=135112"}],"wp:term":[{"taxonomy":"category","embeddable":true,"href":"https:\/\/www.caririemacao.com\/1\/wp-json\/wp\/v2\/categories?post=135112"},{"taxonomy":"post_tag","embeddable":true,"href":"https:\/\/www.caririemacao.com\/1\/wp-json\/wp\/v2\/tags?post=135112"}],"curies":[{"name":"wp","href":"https:\/\/api.w.org\/{rel}","templated":true}]}}