{"id":135171,"date":"2019-11-14T09:31:57","date_gmt":"2019-11-14T12:31:57","guid":{"rendered":"http:\/\/www.caririemacao.com\/1\/?p=135171"},"modified":"2019-11-14T09:31:57","modified_gmt":"2019-11-14T12:31:57","slug":"prf-deflagra-operacao-contra-o-crime-nas-estradas-e-rodovias-federais-na-paraiba","status":"publish","type":"post","link":"https:\/\/www.caririemacao.com\/1\/2019\/11\/14\/prf-deflagra-operacao-contra-o-crime-nas-estradas-e-rodovias-federais-na-paraiba\/","title":{"rendered":"PRF deflagra opera\u00e7\u00e3o contra o crime nas estradas e rodovias federais na Para\u00edba"},"content":{"rendered":"\n<p>A Pol\u00edcia Rodovi\u00e1ria Federal (PRF) deu in\u00edcio nesta&nbsp;quinta-feira (14) a Opera\u00e7\u00e3o Proclama\u00e7\u00e3o da Rep\u00fablica 2019&nbsp;nas rodovias federais que cruzam a Para\u00edba. A Opera\u00e7\u00e3o tem o objetivo principal de reduzir os \u00edndices de acidente e de criminalidade nas rodovias federais.<\/p>\n\n\n\n<p>Na opera\u00e7\u00e3o ser\u00e1 intensificada&nbsp;a fiscaliza\u00e7\u00e3o com a utiliza\u00e7\u00e3o de baf\u00f4metros, bem como de condutas que podem implicar em acidentes graves, como as ultrapassagens indevidas.<\/p>\n\n\n\n<p>A opera\u00e7\u00e3o acontece&nbsp;at\u00e9 o domingo (17), \u00e0s 23h59, principalmente nos trechos com maior \u00edndice de acidentes.<\/p>\n\n\n\n<p>Durante a Opera\u00e7\u00e3o ser\u00e3o desenvolvidas a\u00e7\u00f5es de Educa\u00e7\u00e3o para o Tr\u00e2nsito com o objetivo de conscientizar os motoristas da gravidade de algumas condutas que podem provocar acidentes ou aumentar os riscos de les\u00f5es graves e mortes, principalmente no que refere-se \u00e0s condutas de excesso de velocidade, alcoolemia, e falta de uso de seguran\u00e7a.<\/p>\n\n\n\n<p>Por medida de seguran\u00e7a, a PRF restringir\u00e1 o tr\u00e1fego de bitrens, rodotrens, treminh\u00f5es, cegonheiras carregadas e ve\u00edculos com cargas excedentes, que necessitem de Autoriza\u00e7\u00e3o Especial de Tr\u00e2nsito (AET), somente em rodovias federais de pista simples, em alguns dias do feriado. O motorista que descumprir a determina\u00e7\u00e3o ser\u00e1 multado em R$ 130,16 , receber\u00e1 4 pontos na CNH e ter\u00e1 o ve\u00edculo retido.<\/p>\n\n\n\n<p><strong>Veja os dias e hor\u00e1rios das restri\u00e7\u00f5es:<\/strong><\/p>\n\n\n\n<p>&nbsp; &nbsp; 14\/11\/2019, quinta-feira das 16h \u00e0s 22h;<br>&nbsp; &nbsp; 15\/11\/2019, sexta-feira, das 06h \u00e0s 12h;<br>&nbsp; &nbsp; 17\/11\/2019, domingo das 16h \u00e0s 22h.<\/p>\n","protected":false},"excerpt":{"rendered":"<p>A Pol\u00edcia Rodovi\u00e1ria Federal (PRF) deu in\u00edcio nesta&nbsp;quinta-feira (14) a Opera\u00e7\u00e3o Proclama\u00e7\u00e3o da Rep\u00fablica 2019&nbsp;nas rodovias federais que cruzam a Para\u00edba. A Opera\u00e7\u00e3o tem o&hellip; <\/p>\n","protected":false},"author":1,"featured_media":91100,"comment_status":"closed","ping_status":"closed","sticky":false,"template":"","format":"standard","meta":{"sfsi_plus_gutenberg_text_before_share":"","sfsi_plus_gutenberg_show_text_before_share":"","sfsi_plus_gutenberg_icon_type":"","sfsi_plus_gutenberg_icon_alignemt":"","sfsi_plus_gutenburg_max_per_row":"","footnotes":""},"categories":[12],"tags":[],"class_list":["post-135171","post","type-post","status-publish","format-standard","has-post-thumbnail","hentry","category-policia"],"_links":{"self":[{"href":"https:\/\/www.caririemacao.com\/1\/wp-json\/wp\/v2\/posts\/135171","targetHints":{"allow":["GET"]}}],"collection":[{"href":"https:\/\/www.caririemacao.com\/1\/wp-json\/wp\/v2\/posts"}],"about":[{"href":"https:\/\/www.caririemacao.com\/1\/wp-json\/wp\/v2\/types\/post"}],"author":[{"embeddable":true,"href":"https:\/\/www.caririemacao.com\/1\/wp-json\/wp\/v2\/users\/1"}],"replies":[{"embeddable":true,"href":"https:\/\/www.caririemacao.com\/1\/wp-json\/wp\/v2\/comments?post=135171"}],"version-history":[{"count":1,"href":"https:\/\/www.caririemacao.com\/1\/wp-json\/wp\/v2\/posts\/135171\/revisions"}],"predecessor-version":[{"id":135173,"href":"https:\/\/www.caririemacao.com\/1\/wp-json\/wp\/v2\/posts\/135171\/revisions\/135173"}],"wp:featuredmedia":[{"embeddable":true,"href":"https:\/\/www.caririemacao.com\/1\/wp-json\/wp\/v2\/media\/91100"}],"wp:attachment":[{"href":"https:\/\/www.caririemacao.com\/1\/wp-json\/wp\/v2\/media?parent=135171"}],"wp:term":[{"taxonomy":"category","embeddable":true,"href":"https:\/\/www.caririemacao.com\/1\/wp-json\/wp\/v2\/categories?post=135171"},{"taxonomy":"post_tag","embeddable":true,"href":"https:\/\/www.caririemacao.com\/1\/wp-json\/wp\/v2\/tags?post=135171"}],"curies":[{"name":"wp","href":"https:\/\/api.w.org\/{rel}","templated":true}]}}