{"id":135178,"date":"2019-11-14T09:34:28","date_gmt":"2019-11-14T12:34:28","guid":{"rendered":"http:\/\/www.caririemacao.com\/1\/?p=135178"},"modified":"2019-11-14T09:34:28","modified_gmt":"2019-11-14T12:34:28","slug":"padrasto-e-preso-suspeito-de-estuprar-enteadas-na-paraiba","status":"publish","type":"post","link":"https:\/\/www.caririemacao.com\/1\/2019\/11\/14\/padrasto-e-preso-suspeito-de-estuprar-enteadas-na-paraiba\/","title":{"rendered":"Padrasto \u00e9 preso suspeito de estuprar enteadas na Para\u00edba"},"content":{"rendered":"\n<p>Um homem foi preso,&nbsp; na noite desta quarta-feira (12), suspeito de estuprar as duas enteadas, no bairro de Mangabeira, em Jo\u00e3o Pessoa. A den\u00fancia foi feita pela av\u00f3 materna das g\u00eameas que levou as v\u00edtimas at\u00e9 a Delegacia .&nbsp;<\/p>\n\n\n\n<p>As v\u00edtimas informaram a Pol\u00edcia que os crimes aconteceram em 2014 e se repetiram por um ano. Na \u00e9poca as irm\u00e3s tinham 14 anos.<\/p>\n\n\n\n<p>Elas tamb\u00e9m informaram que os abusos aconteciam dentro de casa sempre que a m\u00e3e das meninas sa\u00eda para trabalhar e que elas eram amea\u00e7adas para n\u00e3o contar a ningu\u00e9m.&nbsp;<\/p>\n\n\n\n<p>O suspeito foi preso e encaminhado para a carceragem da Central da Pol\u00edcia Civil onde aguarda pela audi\u00eancia de cust\u00f3dia.&nbsp;<\/p>\n","protected":false},"excerpt":{"rendered":"<p>Um homem foi preso,&nbsp; na noite desta quarta-feira (12), suspeito de estuprar as duas enteadas, no bairro de Mangabeira, em Jo\u00e3o Pessoa. A den\u00fancia foi&hellip; <\/p>\n","protected":false},"author":1,"featured_media":135180,"comment_status":"closed","ping_status":"closed","sticky":false,"template":"","format":"standard","meta":{"sfsi_plus_gutenberg_text_before_share":"","sfsi_plus_gutenberg_show_text_before_share":"","sfsi_plus_gutenberg_icon_type":"","sfsi_plus_gutenberg_icon_alignemt":"","sfsi_plus_gutenburg_max_per_row":"","footnotes":""},"categories":[12],"tags":[],"class_list":["post-135178","post","type-post","status-publish","format-standard","has-post-thumbnail","hentry","category-policia"],"_links":{"self":[{"href":"https:\/\/www.caririemacao.com\/1\/wp-json\/wp\/v2\/posts\/135178","targetHints":{"allow":["GET"]}}],"collection":[{"href":"https:\/\/www.caririemacao.com\/1\/wp-json\/wp\/v2\/posts"}],"about":[{"href":"https:\/\/www.caririemacao.com\/1\/wp-json\/wp\/v2\/types\/post"}],"author":[{"embeddable":true,"href":"https:\/\/www.caririemacao.com\/1\/wp-json\/wp\/v2\/users\/1"}],"replies":[{"embeddable":true,"href":"https:\/\/www.caririemacao.com\/1\/wp-json\/wp\/v2\/comments?post=135178"}],"version-history":[{"count":1,"href":"https:\/\/www.caririemacao.com\/1\/wp-json\/wp\/v2\/posts\/135178\/revisions"}],"predecessor-version":[{"id":135181,"href":"https:\/\/www.caririemacao.com\/1\/wp-json\/wp\/v2\/posts\/135178\/revisions\/135181"}],"wp:featuredmedia":[{"embeddable":true,"href":"https:\/\/www.caririemacao.com\/1\/wp-json\/wp\/v2\/media\/135180"}],"wp:attachment":[{"href":"https:\/\/www.caririemacao.com\/1\/wp-json\/wp\/v2\/media?parent=135178"}],"wp:term":[{"taxonomy":"category","embeddable":true,"href":"https:\/\/www.caririemacao.com\/1\/wp-json\/wp\/v2\/categories?post=135178"},{"taxonomy":"post_tag","embeddable":true,"href":"https:\/\/www.caririemacao.com\/1\/wp-json\/wp\/v2\/tags?post=135178"}],"curies":[{"name":"wp","href":"https:\/\/api.w.org\/{rel}","templated":true}]}}