{"id":135188,"date":"2019-11-14T09:35:41","date_gmt":"2019-11-14T12:35:41","guid":{"rendered":"http:\/\/www.caririemacao.com\/1\/?p=135188"},"modified":"2019-11-14T09:35:41","modified_gmt":"2019-11-14T12:35:41","slug":"bolsonaro-cria-mp-que-acaba-com-o-registo-profissional-de-jornalista-publicitario-e-radialista","status":"publish","type":"post","link":"https:\/\/www.caririemacao.com\/1\/2019\/11\/14\/bolsonaro-cria-mp-que-acaba-com-o-registo-profissional-de-jornalista-publicitario-e-radialista\/","title":{"rendered":"Bolsonaro cria MP que acaba com o registo profissional de jornalista, publicit\u00e1rio e radialista"},"content":{"rendered":"\n<p>O governo aproveitou a medida provis\u00f3ria que cria o programa Verde Amarelo para acabar com a exig\u00eancia de registro profissional para jornalistas, publicit\u00e1rios, radialistas, qu\u00edmicos, arquivistas e at\u00e9 guardador e lavador de ve\u00edculos.<\/p>\n\n\n\n<p>Em rela\u00e7\u00e3o aos jornalistas, a MP acaba ainda com a exig\u00eancia legal de diploma de jornalismo para o exerc\u00edcio de algumas fun\u00e7\u00f5es.&nbsp;<\/p>\n\n\n\n<p>A medida ainda revoga leis que regulamentam o exerc\u00edcio de profiss\u00f5es como corretor de seguro e guardador e lavador de carros \u2013 uma lei de 1975 exigia o registro na Delegacia Regional do Trabalho para guardar e lavar ve\u00edculos automotores.<\/p>\n\n\n\n<p>Na \u00faltima segunda, 11, foi anunciado o programa Verde Amarelo que beneficiar\u00e1 jovens de 18 a 29 anos que ainda n\u00e3o tiveram nenhum emprego com carteira assinada.<\/p>\n\n\n\n<p>A proposta foi enviada ao Congresso Nacional por meio de uma Medida Provis\u00f3ria (MP) e vale s\u00f3 para contratos de remunera\u00e7\u00e3o at\u00e9 o teto de 1,5 sal\u00e1rio m\u00ednimo.<\/p>\n\n\n\n<p>O principal est\u00edmulo para a contrata\u00e7\u00e3o desses jovens \u00e9 a redu\u00e7\u00e3o entre 30% e 34% do custo para da m\u00e3o de obra na modalidade, que ter\u00e1 desonera\u00e7\u00e3o na folha de pagamento.<\/p>\n\n\n\n<p>A contribui\u00e7\u00e3o para o Fundo de Garantia do Tempo de Servi\u00e7o (FGTS) cair\u00e1 de 8% para 2%, e o valor da multa poder\u00e1 ser reduzido de 40% para 20%, decidida em comum acordo entre o empregado e o empregador, no momento da contrata\u00e7\u00e3o.<\/p>\n\n\n\n<p>Os empregadores tamb\u00e9m n\u00e3o precisar\u00e3o pagar a contribui\u00e7\u00e3o patronal para o Instituto Nacional do Seguro Social (de 20% sobre a folha), as al\u00edquotas do Sistema S e do sal\u00e1rio-educa\u00e7\u00e3o.<\/p>\n","protected":false},"excerpt":{"rendered":"<p>O governo aproveitou a medida provis\u00f3ria que cria o programa Verde Amarelo para acabar com a exig\u00eancia de registro profissional para jornalistas, publicit\u00e1rios, radialistas, qu\u00edmicos,&hellip; <\/p>\n","protected":false},"author":1,"featured_media":135190,"comment_status":"closed","ping_status":"closed","sticky":false,"template":"","format":"standard","meta":{"sfsi_plus_gutenberg_text_before_share":"","sfsi_plus_gutenberg_show_text_before_share":"","sfsi_plus_gutenberg_icon_type":"","sfsi_plus_gutenberg_icon_alignemt":"","sfsi_plus_gutenburg_max_per_row":"","footnotes":""},"categories":[11],"tags":[],"class_list":["post-135188","post","type-post","status-publish","format-standard","has-post-thumbnail","hentry","category-politica"],"_links":{"self":[{"href":"https:\/\/www.caririemacao.com\/1\/wp-json\/wp\/v2\/posts\/135188","targetHints":{"allow":["GET"]}}],"collection":[{"href":"https:\/\/www.caririemacao.com\/1\/wp-json\/wp\/v2\/posts"}],"about":[{"href":"https:\/\/www.caririemacao.com\/1\/wp-json\/wp\/v2\/types\/post"}],"author":[{"embeddable":true,"href":"https:\/\/www.caririemacao.com\/1\/wp-json\/wp\/v2\/users\/1"}],"replies":[{"embeddable":true,"href":"https:\/\/www.caririemacao.com\/1\/wp-json\/wp\/v2\/comments?post=135188"}],"version-history":[{"count":1,"href":"https:\/\/www.caririemacao.com\/1\/wp-json\/wp\/v2\/posts\/135188\/revisions"}],"predecessor-version":[{"id":135191,"href":"https:\/\/www.caririemacao.com\/1\/wp-json\/wp\/v2\/posts\/135188\/revisions\/135191"}],"wp:featuredmedia":[{"embeddable":true,"href":"https:\/\/www.caririemacao.com\/1\/wp-json\/wp\/v2\/media\/135190"}],"wp:attachment":[{"href":"https:\/\/www.caririemacao.com\/1\/wp-json\/wp\/v2\/media?parent=135188"}],"wp:term":[{"taxonomy":"category","embeddable":true,"href":"https:\/\/www.caririemacao.com\/1\/wp-json\/wp\/v2\/categories?post=135188"},{"taxonomy":"post_tag","embeddable":true,"href":"https:\/\/www.caririemacao.com\/1\/wp-json\/wp\/v2\/tags?post=135188"}],"curies":[{"name":"wp","href":"https:\/\/api.w.org\/{rel}","templated":true}]}}