{"id":135223,"date":"2019-11-14T09:40:43","date_gmt":"2019-11-14T12:40:43","guid":{"rendered":"http:\/\/www.caririemacao.com\/1\/?p=135223"},"modified":"2019-11-14T09:40:43","modified_gmt":"2019-11-14T12:40:43","slug":"trf-4-cancela-processo-copia-e-cola-de-atibaia-que-condenava-lula","status":"publish","type":"post","link":"https:\/\/www.caririemacao.com\/1\/2019\/11\/14\/trf-4-cancela-processo-copia-e-cola-de-atibaia-que-condenava-lula\/","title":{"rendered":"TRF-4 cancela processo copia e cola de Atibaia que condenava Lula"},"content":{"rendered":"\n<p>Nesta quarta-feira (13), o Tribunal Regional Federal da 4\u00aa regi\u00e3o (TRF-4), em Porto Alegre, decidiu anular uma senten\u00e7a da ju\u00edza Gabriela Hardt que utilizava o m\u00e9todo copia e cola.<\/p>\n\n\n\n<p>Os desembargadores entenderam que a senten\u00e7a escrita pela magistrada foi uma c\u00f3pia exata dos argumentos da Minist\u00e9rio P\u00fablico, e que ela n\u00e3o desenvolveu sua pr\u00f3pria conclus\u00e3o, o que tornou inv\u00e1lida sua decis\u00e3o.<\/p>\n\n\n\n<p>Segundo o desembargador Leandro Paulsen \u201ca senten\u00e7a apropriou-se ipsis litteris dos fundamentos das alega\u00e7\u00f5es finais do Minist\u00e9rio P\u00fablico Federal, sem fazer qualquer refer\u00eancia de que os estava adotando como raz\u00f5es de decidir, trazendo como se fossem seus os argumentos, o que n\u00e3o se pode admitir\u201d.<\/p>\n\n\n\n<p>Outra irregularidade apontada pelos desembargadores foi o uso de um grampo telef\u00f4nico de um conselheiro do Tribunal de Contas do Estado do Paran\u00e1 (que tem prerrogativa de foro).<\/p>\n\n\n\n<p><strong>Mesmo m\u00e9todo usado no processo de Atibaia<\/strong><\/p>\n\n\n\n<p>Nas alega\u00e7\u00f5es dos advogados de defesa de Lula, Cristiano Zanin e Valeska Martins, para cancelar o veredicto de Gabriela Hardt no caso do S\u00edtio de Atibaia, as alega\u00e7\u00f5es s\u00e3o as mesmas.<\/p>\n\n\n\n<p>Em fevereiro deste ano, eles solicitaram ao Supremo Tribunal Federal (STF) que se anexasse uma per\u00edcia do Instituto Del Picchia, comprovando que Hardt tamb\u00e9m copiou trechos da senten\u00e7a de S\u00e9rgio Moro no caso do triplex do Guaruj\u00e1 (SP), para us\u00e1-los no caso do s\u00edtio de Atibaia.<\/p>\n\n\n\n<p>O parecer pericial, feito por Celso Mauro Ribeiro Del Picchia, diz que existem provas de forma e de conte\u00fado da c\u00f3pia feita por Hardt. Ele se refere a paridades de cabe\u00e7alhos e rodap\u00e9s, determina\u00e7\u00f5es das margens, a extens\u00e3o das linhas, os espa\u00e7amentos interlineares e entre par\u00e1grafos, as fontes e seus tamanhos, os t\u00edtulos e trechos destacados em negrito e centralizados.<\/p>\n\n\n\n<p>A per\u00edcia ressalta a exist\u00eancia de trechos repetidos e at\u00e9 mesmo o fato de a ju\u00edza mencionar o \u201capartamento\u201d(triplex), quando estava julgando o caso do s\u00edtio.<\/p>\n\n\n\n<p><strong>Formaliza\u00e7\u00e3o<\/strong><\/p>\n\n\n\n<p>O argumento de Zanin \u00e9 que a per\u00edcia mostra que a ju\u00edza, que substituiu Moro no julgamento da Opera\u00e7\u00e3o Lava Jato, no momento em que ele se exonerou para assumir o Minist\u00e9rio da Justi\u00e7a de Jair Bolsonaro, n\u00e3o julgou o caso e apenas formalizou uma condena\u00e7\u00e3o pr\u00e9-estabelecida.<\/p>\n\n\n\n<p>O julgamento deste caso de hoje, de certa maneira torna-se jurisprud\u00eancia para o caso de Lula.<\/p>\n","protected":false},"excerpt":{"rendered":"<p>Nesta quarta-feira (13), o Tribunal Regional Federal da 4\u00aa regi\u00e3o (TRF-4), em Porto Alegre, decidiu anular uma senten\u00e7a da ju\u00edza Gabriela Hardt que utilizava o&hellip; <\/p>\n","protected":false},"author":1,"featured_media":112613,"comment_status":"closed","ping_status":"closed","sticky":false,"template":"","format":"standard","meta":{"sfsi_plus_gutenberg_text_before_share":"","sfsi_plus_gutenberg_show_text_before_share":"","sfsi_plus_gutenberg_icon_type":"","sfsi_plus_gutenberg_icon_alignemt":"","sfsi_plus_gutenburg_max_per_row":"","footnotes":""},"categories":[11],"tags":[],"class_list":["post-135223","post","type-post","status-publish","format-standard","has-post-thumbnail","hentry","category-politica"],"_links":{"self":[{"href":"https:\/\/www.caririemacao.com\/1\/wp-json\/wp\/v2\/posts\/135223","targetHints":{"allow":["GET"]}}],"collection":[{"href":"https:\/\/www.caririemacao.com\/1\/wp-json\/wp\/v2\/posts"}],"about":[{"href":"https:\/\/www.caririemacao.com\/1\/wp-json\/wp\/v2\/types\/post"}],"author":[{"embeddable":true,"href":"https:\/\/www.caririemacao.com\/1\/wp-json\/wp\/v2\/users\/1"}],"replies":[{"embeddable":true,"href":"https:\/\/www.caririemacao.com\/1\/wp-json\/wp\/v2\/comments?post=135223"}],"version-history":[{"count":1,"href":"https:\/\/www.caririemacao.com\/1\/wp-json\/wp\/v2\/posts\/135223\/revisions"}],"predecessor-version":[{"id":135225,"href":"https:\/\/www.caririemacao.com\/1\/wp-json\/wp\/v2\/posts\/135223\/revisions\/135225"}],"wp:featuredmedia":[{"embeddable":true,"href":"https:\/\/www.caririemacao.com\/1\/wp-json\/wp\/v2\/media\/112613"}],"wp:attachment":[{"href":"https:\/\/www.caririemacao.com\/1\/wp-json\/wp\/v2\/media?parent=135223"}],"wp:term":[{"taxonomy":"category","embeddable":true,"href":"https:\/\/www.caririemacao.com\/1\/wp-json\/wp\/v2\/categories?post=135223"},{"taxonomy":"post_tag","embeddable":true,"href":"https:\/\/www.caririemacao.com\/1\/wp-json\/wp\/v2\/tags?post=135223"}],"curies":[{"name":"wp","href":"https:\/\/api.w.org\/{rel}","templated":true}]}}