{"id":135247,"date":"2019-11-14T09:46:27","date_gmt":"2019-11-14T12:46:27","guid":{"rendered":"http:\/\/www.caririemacao.com\/1\/?p=135247"},"modified":"2019-11-14T09:46:27","modified_gmt":"2019-11-14T12:46:27","slug":"cnn-brasil-confirma-que-entrara-no-ar-em-marco-de-2020","status":"publish","type":"post","link":"https:\/\/www.caririemacao.com\/1\/2019\/11\/14\/cnn-brasil-confirma-que-entrara-no-ar-em-marco-de-2020\/","title":{"rendered":"CNN Brasil confirma que entrar\u00e1 no ar em mar\u00e7o de 2020"},"content":{"rendered":"\n<p>&nbsp;A CNN Brasil confirmou nesta quarta-feira (13) que vai entrar no ar em mar\u00e7o de 2020. O an\u00fancio foi feito pelo jornalista Evaristo Costa em um v\u00eddeo publicado nas redes sociais no novo canal.<br><\/p>\n\n\n\n<p>&#8220;Nosso lan\u00e7amento ser\u00e1 em meio \u00e0s comemora\u00e7\u00f5es de 40 anos do maior canal de not\u00edcias do mundo, que foi fundado em 1980 nos Estados Unidos&#8221;, afirmou publica\u00e7\u00e3o no Instagram. A data exata, no entanto, ainda n\u00e3o foi informada.&nbsp;<\/p>\n\n\n\n<p>Al\u00e9m de Evaristo, que deixou a Globo h\u00e1 dois anos, v\u00e1rios outros jornalistas de nome j\u00e1 est\u00e3o confirmando como parte da equipe da nova emissora.&nbsp;<\/p>\n\n\n\n<p>Entre eles est\u00e3o tamb\u00e9m os ex-Globo William Waack, Cris Dias, Monalisa Perrone, Mari Palma e Phelipe Siani.<\/p>\n","protected":false},"excerpt":{"rendered":"<p>&nbsp;A CNN Brasil confirmou nesta quarta-feira (13) que vai entrar no ar em mar\u00e7o de 2020. O an\u00fancio foi feito pelo jornalista Evaristo Costa em&hellip; <\/p>\n","protected":false},"author":1,"featured_media":135249,"comment_status":"closed","ping_status":"closed","sticky":false,"template":"","format":"standard","meta":{"sfsi_plus_gutenberg_text_before_share":"","sfsi_plus_gutenberg_show_text_before_share":"","sfsi_plus_gutenberg_icon_type":"","sfsi_plus_gutenberg_icon_alignemt":"","sfsi_plus_gutenburg_max_per_row":"","footnotes":""},"categories":[2],"tags":[],"class_list":["post-135247","post","type-post","status-publish","format-standard","has-post-thumbnail","hentry","category-geral"],"_links":{"self":[{"href":"https:\/\/www.caririemacao.com\/1\/wp-json\/wp\/v2\/posts\/135247","targetHints":{"allow":["GET"]}}],"collection":[{"href":"https:\/\/www.caririemacao.com\/1\/wp-json\/wp\/v2\/posts"}],"about":[{"href":"https:\/\/www.caririemacao.com\/1\/wp-json\/wp\/v2\/types\/post"}],"author":[{"embeddable":true,"href":"https:\/\/www.caririemacao.com\/1\/wp-json\/wp\/v2\/users\/1"}],"replies":[{"embeddable":true,"href":"https:\/\/www.caririemacao.com\/1\/wp-json\/wp\/v2\/comments?post=135247"}],"version-history":[{"count":1,"href":"https:\/\/www.caririemacao.com\/1\/wp-json\/wp\/v2\/posts\/135247\/revisions"}],"predecessor-version":[{"id":135250,"href":"https:\/\/www.caririemacao.com\/1\/wp-json\/wp\/v2\/posts\/135247\/revisions\/135250"}],"wp:featuredmedia":[{"embeddable":true,"href":"https:\/\/www.caririemacao.com\/1\/wp-json\/wp\/v2\/media\/135249"}],"wp:attachment":[{"href":"https:\/\/www.caririemacao.com\/1\/wp-json\/wp\/v2\/media?parent=135247"}],"wp:term":[{"taxonomy":"category","embeddable":true,"href":"https:\/\/www.caririemacao.com\/1\/wp-json\/wp\/v2\/categories?post=135247"},{"taxonomy":"post_tag","embeddable":true,"href":"https:\/\/www.caririemacao.com\/1\/wp-json\/wp\/v2\/tags?post=135247"}],"curies":[{"name":"wp","href":"https:\/\/api.w.org\/{rel}","templated":true}]}}