{"id":135257,"date":"2019-11-14T09:47:43","date_gmt":"2019-11-14T12:47:43","guid":{"rendered":"http:\/\/www.caririemacao.com\/1\/?p=135257"},"modified":"2019-11-14T09:47:43","modified_gmt":"2019-11-14T12:47:43","slug":"rachel-sheherazade-anuncia-licenca-do-sbt-brasil-e-revela-motivo","status":"publish","type":"post","link":"https:\/\/www.caririemacao.com\/1\/2019\/11\/14\/rachel-sheherazade-anuncia-licenca-do-sbt-brasil-e-revela-motivo\/","title":{"rendered":"Rachel Sheherazade anuncia licen\u00e7a do SBT Brasil e revela motivo"},"content":{"rendered":"\n<p>Ao concluir a edi\u00e7\u00e3o desta ter\u00e7a-feira (12) do SBT Brasil, Rachel Sheherazade anunciou sua sa\u00edda do telejornal. Mas, engana-se quem pensa que a jornalista de voz ativa nas redes sociais, impedida de opinar na bancada pelo patr\u00e3o Silvio Santos e criticada por partid\u00e1rios do presidente Jair Bolsonaro, est\u00e1 deixando a emissora. Rachel se ausenta do notici\u00e1rio at\u00e9 dezembro por conta de uma cirurgia.<\/p>\n\n\n\n<p>\u201cEu vejo voc\u00eas no m\u00eas de dezembro. Olha, n\u00e3o se preocupem\u2026 Eu preciso fazer uma cirurgia, simples, mas j\u00e1, j\u00e1 eu t\u00f4 de volta\u201d, avisou Sheherazade. \u201cBoa cirurgia. Estaremos aqui esperando sua volta\u201d, respondeu Carlos Nascimento, recebendo os agradecimentos da colega, que parecia emocionada.<\/p>\n\n\n\n<p>Na web, Rachel Sheherazade ainda n\u00e3o se manifestou a respeito do procedimento cir\u00fargico.<\/p>\n\n\n\n<p>A jornalista chegou ao SBT em 2011, ap\u00f3s opinar sobre o Carnaval durante o telejornal que apresentava na TV Tamba\u00fa, afiliada do canal na Para\u00edba. As cr\u00edticas de Rachel \u00e0 festa tornaram-se virais na internet, chamando a aten\u00e7\u00e3o de Silvio Santos, que a levou para S\u00e3o Paulo.<\/p>\n\n\n\n<p>Em seus primeiros anos \u00e0 frente do SBT Brasil, causou a fixa\u00e7\u00e3o do notici\u00e1rio na grade e a estabiliza\u00e7\u00e3o de audi\u00eancia.<\/p>\n\n\n\n<p>Suas an\u00e1lises, por\u00e9m, causavam pol\u00eamica. Em 2014, foi detonada por p\u00fablico e cr\u00edtica ao repercutir o linchamento de um jovem acusado de roubou. Tempos depois, os coment\u00e1rios na bancada foram extintos. Em 2017, Silvio afirmou \u00e0 ela, durante o Trof\u00e9u Imprensa, que a contratou \u201cpara ler not\u00edcias, n\u00e3o dar opini\u00e3o\u201d.<\/p>\n\n\n\n<p>Sheherazade rebateu: \u201cQuando voc\u00ea me contratou, voc\u00ea me contratou para opinar\u201d. Ela segue tecendo coment\u00e1rios apenas em suas redes sociais.<\/p>\n","protected":false},"excerpt":{"rendered":"<p>Ao concluir a edi\u00e7\u00e3o desta ter\u00e7a-feira (12) do SBT Brasil, Rachel Sheherazade anunciou sua sa\u00edda do telejornal. Mas, engana-se quem pensa que a jornalista de&hellip; <\/p>\n","protected":false},"author":1,"featured_media":135259,"comment_status":"closed","ping_status":"closed","sticky":false,"template":"","format":"standard","meta":{"sfsi_plus_gutenberg_text_before_share":"","sfsi_plus_gutenberg_show_text_before_share":"","sfsi_plus_gutenberg_icon_type":"","sfsi_plus_gutenberg_icon_alignemt":"","sfsi_plus_gutenburg_max_per_row":"","footnotes":""},"categories":[2],"tags":[],"class_list":["post-135257","post","type-post","status-publish","format-standard","has-post-thumbnail","hentry","category-geral"],"_links":{"self":[{"href":"https:\/\/www.caririemacao.com\/1\/wp-json\/wp\/v2\/posts\/135257","targetHints":{"allow":["GET"]}}],"collection":[{"href":"https:\/\/www.caririemacao.com\/1\/wp-json\/wp\/v2\/posts"}],"about":[{"href":"https:\/\/www.caririemacao.com\/1\/wp-json\/wp\/v2\/types\/post"}],"author":[{"embeddable":true,"href":"https:\/\/www.caririemacao.com\/1\/wp-json\/wp\/v2\/users\/1"}],"replies":[{"embeddable":true,"href":"https:\/\/www.caririemacao.com\/1\/wp-json\/wp\/v2\/comments?post=135257"}],"version-history":[{"count":1,"href":"https:\/\/www.caririemacao.com\/1\/wp-json\/wp\/v2\/posts\/135257\/revisions"}],"predecessor-version":[{"id":135260,"href":"https:\/\/www.caririemacao.com\/1\/wp-json\/wp\/v2\/posts\/135257\/revisions\/135260"}],"wp:featuredmedia":[{"embeddable":true,"href":"https:\/\/www.caririemacao.com\/1\/wp-json\/wp\/v2\/media\/135259"}],"wp:attachment":[{"href":"https:\/\/www.caririemacao.com\/1\/wp-json\/wp\/v2\/media?parent=135257"}],"wp:term":[{"taxonomy":"category","embeddable":true,"href":"https:\/\/www.caririemacao.com\/1\/wp-json\/wp\/v2\/categories?post=135257"},{"taxonomy":"post_tag","embeddable":true,"href":"https:\/\/www.caririemacao.com\/1\/wp-json\/wp\/v2\/tags?post=135257"}],"curies":[{"name":"wp","href":"https:\/\/api.w.org\/{rel}","templated":true}]}}