{"id":135267,"date":"2019-11-14T09:50:19","date_gmt":"2019-11-14T12:50:19","guid":{"rendered":"http:\/\/www.caririemacao.com\/1\/?p=135267"},"modified":"2019-11-14T09:50:19","modified_gmt":"2019-11-14T12:50:19","slug":"brasil-quer-aprofundar-cooperacao-em-ciencia-e-tecnologia-com-india","status":"publish","type":"post","link":"https:\/\/www.caririemacao.com\/1\/2019\/11\/14\/brasil-quer-aprofundar-cooperacao-em-ciencia-e-tecnologia-com-india\/","title":{"rendered":"Brasil quer aprofundar coopera\u00e7\u00e3o em ci\u00eancia e tecnologia com \u00cdndia"},"content":{"rendered":"\n<p>O presidente da Rep\u00fablica, Jair Bolsonaro, e o primeiro-ministro da \u00cdndia, Narendra Modi&nbsp;<a href=\"http:\/\/agenciabrasil.ebc.com.br\/politica\/noticia\/2019-11\/bolsonaro-se-reune-com-primeiro-ministro-da-india\" target=\"_blank\" rel=\"noreferrer noopener\">conversaram hoje<\/a>&nbsp;(13) sobre o interesse do Brasil em aprofundar a coopera\u00e7\u00e3o dos dois pa\u00edses em \u00e1reas como biocombust\u00edveis e ci\u00eancia e tecnologia. O encontro bilateral ocorreu na tarde desta quarta-feira no Pal\u00e1cio do Planalto, durante a visita de Modi para participar da&nbsp;<a href=\"http:\/\/agenciabrasil.ebc.com.br\/economia\/noticia\/2019-11\/brics-fomenta-cooperacao-entre-economias-emergentes-ha-13-anos\" target=\"_blank\" rel=\"noreferrer noopener\">11\u00aa Reuni\u00e3o de C\u00fapula do Brics<\/a>.<\/p>\n\n\n\n<figure><iframe allowfullscreen=\"\" data-src=\"https:\/\/www.youtube.com\/embed\/2Q9LsUHVmXQ\" src=\"data:image\/svg+xml;base64,PHN2ZyB3aWR0aD0iMSIgaGVpZ2h0PSIxIiB4bWxucz0iaHR0cDovL3d3dy53My5vcmcvMjAwMC9zdmciPjwvc3ZnPg==\" class=\"lazyload\" data-load-mode=\"1\"><\/iframe><\/figure>\n\n\n\n<p>Durante a reuni\u00e3o, que foi fechada e durou cerca de 25 minutos, os dois l\u00edderes falaram sobre aproveitar a visita de Modi para novos entendimentos comerciais entre Brasil e \u00cdndia. Na ocasi\u00e3o, Bolsonaro confirmou que vai aceitar o convite para participar das comemora\u00e7\u00f5es do Dia da Rep\u00fablica, na \u00cdndia, em 26 de janeiro de 2020.<\/p>\n\n\n\n<p>De acordo com a assessoria do Planalto, Modi ressaltou o interesse da \u00cdndia em fortalecer a coopera\u00e7\u00e3o com o Brasil. O primeiro-ministro apontou ainda o interesse indiano nas \u00e1reas de processamento de alimentos e da agropecu\u00e1ria.<\/p>\n\n\n\n<p>&#8220;O Presidente brasileiro concordou com o primeiro-ministro Modi quanto ao grande potencial da coopera\u00e7\u00e3o bilateral e manifestou o desejo de fortalecer a parceria estrat\u00e9gica indo-brasileira. Ressaltou ser importante prever, por ocasi\u00e3o de sua visita \u00e0 \u00cdndia, atividades paralelas para aproximar os setores privados dos dois pa\u00edses&#8221;, informou a assessoria.<\/p>\n\n\n\n<h2 class=\"wp-block-heading\">C\u00fapula<\/h2>\n\n\n\n<p>Presidida pelo Brasil, a reuni\u00e3o do Brics tem como lema Crescimento Econ\u00f4mico para um Futuro Inovador. Segundo o Itamaraty, ser\u00e3o discutidos, prioritariamente, temas relacionados \u00e0 ci\u00eancia, tecnologia e inova\u00e7\u00e3o, economia digital, sa\u00fade e combate \u00e0 corrup\u00e7\u00e3o e ao terrorismo. Esta \u00e9 a segunda vez que Bras\u00edlia sedia a confer\u00eancia \u2013 a primeira vez foi em 2010. Em 2014, o Brasil tamb\u00e9m organizou a c\u00fapula, realizada em Fortaleza.<\/p>\n","protected":false},"excerpt":{"rendered":"<p>O presidente da Rep\u00fablica, Jair Bolsonaro, e o primeiro-ministro da \u00cdndia, Narendra Modi&nbsp;conversaram hoje&nbsp;(13) sobre o interesse do Brasil em aprofundar a coopera\u00e7\u00e3o dos dois&hellip; <\/p>\n","protected":false},"author":1,"featured_media":131966,"comment_status":"closed","ping_status":"closed","sticky":false,"template":"","format":"standard","meta":{"sfsi_plus_gutenberg_text_before_share":"","sfsi_plus_gutenberg_show_text_before_share":"","sfsi_plus_gutenberg_icon_type":"","sfsi_plus_gutenberg_icon_alignemt":"","sfsi_plus_gutenburg_max_per_row":"","footnotes":""},"categories":[11],"tags":[],"class_list":["post-135267","post","type-post","status-publish","format-standard","has-post-thumbnail","hentry","category-politica"],"_links":{"self":[{"href":"https:\/\/www.caririemacao.com\/1\/wp-json\/wp\/v2\/posts\/135267","targetHints":{"allow":["GET"]}}],"collection":[{"href":"https:\/\/www.caririemacao.com\/1\/wp-json\/wp\/v2\/posts"}],"about":[{"href":"https:\/\/www.caririemacao.com\/1\/wp-json\/wp\/v2\/types\/post"}],"author":[{"embeddable":true,"href":"https:\/\/www.caririemacao.com\/1\/wp-json\/wp\/v2\/users\/1"}],"replies":[{"embeddable":true,"href":"https:\/\/www.caririemacao.com\/1\/wp-json\/wp\/v2\/comments?post=135267"}],"version-history":[{"count":1,"href":"https:\/\/www.caririemacao.com\/1\/wp-json\/wp\/v2\/posts\/135267\/revisions"}],"predecessor-version":[{"id":135269,"href":"https:\/\/www.caririemacao.com\/1\/wp-json\/wp\/v2\/posts\/135267\/revisions\/135269"}],"wp:featuredmedia":[{"embeddable":true,"href":"https:\/\/www.caririemacao.com\/1\/wp-json\/wp\/v2\/media\/131966"}],"wp:attachment":[{"href":"https:\/\/www.caririemacao.com\/1\/wp-json\/wp\/v2\/media?parent=135267"}],"wp:term":[{"taxonomy":"category","embeddable":true,"href":"https:\/\/www.caririemacao.com\/1\/wp-json\/wp\/v2\/categories?post=135267"},{"taxonomy":"post_tag","embeddable":true,"href":"https:\/\/www.caririemacao.com\/1\/wp-json\/wp\/v2\/tags?post=135267"}],"curies":[{"name":"wp","href":"https:\/\/api.w.org\/{rel}","templated":true}]}}