{"id":135278,"date":"2019-11-14T09:51:44","date_gmt":"2019-11-14T12:51:44","guid":{"rendered":"http:\/\/www.caririemacao.com\/1\/?p=135278"},"modified":"2019-11-14T09:51:44","modified_gmt":"2019-11-14T12:51:44","slug":"atividade-economica-cresce-091-no-terceiro-trimestre","status":"publish","type":"post","link":"https:\/\/www.caririemacao.com\/1\/2019\/11\/14\/atividade-economica-cresce-091-no-terceiro-trimestre\/","title":{"rendered":"Atividade econ\u00f4mica cresce 0,91% no terceiro trimestre"},"content":{"rendered":"\n<p>A atividade econ\u00f4mica registrou crescimento no terceiro trimestre neste ano, segundo o \u00cdndice de Atividade Econ\u00f4mica do Banco Central (IBC-Br), divulgado&nbsp;hoje&nbsp;(14) pelo Banco Central (BC).<\/p>\n\n\n\n<p>No terceiro trimestre deste ano, o \u00edndice apresentou alta de 0,91% comparado ao per\u00edodo anterior. O resultado considera dados dessazonalizados, ajustados para o per\u00edodo.<\/p>\n\n\n\n<p>Na compara\u00e7\u00e3o entre o terceiro trimestre deste ano e o mesmo per\u00edodo de 2018, o crescimento foi de&nbsp;0,99%.<\/p>\n\n\n\n<p>Em setembro, na compara\u00e7\u00e3o com agosto, houve expans\u00e3o de 0,44 %. Na compara\u00e7\u00e3o com&nbsp;setembro de 2018, a alta ficou em 2,11%. Em 12 meses, terminados em setembro de 2019, houve expans\u00e3o de 0,99%.<\/p>\n\n\n\n<figure class=\"wp-block-image\"><img decoding=\"async\" data-src=\"http:\/\/imagens.ebc.com.br\/Ho-P2D5up1L3lHM9BhS7my-en0Q=\/463x0\/smart\/http:\/\/agenciabrasil.ebc.com.br\/sites\/default\/files\/atoms\/image\/industria_automobilistica.jpg?itok=aot37Y8r\" alt=\"industria_automobilistica.jpg\" src=\"data:image\/svg+xml;base64,PHN2ZyB3aWR0aD0iMSIgaGVpZ2h0PSIxIiB4bWxucz0iaHR0cDovL3d3dy53My5vcmcvMjAwMC9zdmciPjwvc3ZnPg==\" class=\"lazyload\" \/><\/figure>\n\n\n\n<p>IBC-Br avalia evolu\u00e7\u00e3o mensal da atividade econ\u00f4mica&nbsp;<strong>(EBC)<\/strong><\/p>\n\n\n\n<p>O IBC-Br \u00e9 uma forma de avaliar a evolu\u00e7\u00e3o mensal da atividade econ\u00f4mica brasileira e ajuda o BC a tomar suas decis\u00f5es sobre a taxa b\u00e1sica de juros, a Selic. O \u00edndice incorpora informa\u00e7\u00f5es sobre o n\u00edvel de atividade dos tr\u00eas setores da economia: ind\u00fastria, com\u00e9rcio e servi\u00e7os e agropecu\u00e1ria, al\u00e9m do volume de impostos.<\/p>\n\n\n\n<p>O \u00edndice foi criado pelo BC para mostrar a tend\u00eancia de evolu\u00e7\u00e3o da atividade econ\u00f4mica. Mas o indicador oficial da economia \u00e9 o Produto Interno Bruto (PIB), calculado pelo Instituto Brasileiro de Geografia e Estat\u00edstica (IBGE) e divulgado trimestralmente.<\/p>\n","protected":false},"excerpt":{"rendered":"<p>A atividade econ\u00f4mica registrou crescimento no terceiro trimestre neste ano, segundo o \u00cdndice de Atividade Econ\u00f4mica do Banco Central (IBC-Br), divulgado&nbsp;hoje&nbsp;(14) pelo Banco Central (BC).&hellip; <\/p>\n","protected":false},"author":1,"featured_media":135280,"comment_status":"closed","ping_status":"closed","sticky":false,"template":"","format":"standard","meta":{"sfsi_plus_gutenberg_text_before_share":"","sfsi_plus_gutenberg_show_text_before_share":"","sfsi_plus_gutenberg_icon_type":"","sfsi_plus_gutenberg_icon_alignemt":"","sfsi_plus_gutenburg_max_per_row":"","footnotes":""},"categories":[2],"tags":[],"class_list":["post-135278","post","type-post","status-publish","format-standard","has-post-thumbnail","hentry","category-geral"],"_links":{"self":[{"href":"https:\/\/www.caririemacao.com\/1\/wp-json\/wp\/v2\/posts\/135278","targetHints":{"allow":["GET"]}}],"collection":[{"href":"https:\/\/www.caririemacao.com\/1\/wp-json\/wp\/v2\/posts"}],"about":[{"href":"https:\/\/www.caririemacao.com\/1\/wp-json\/wp\/v2\/types\/post"}],"author":[{"embeddable":true,"href":"https:\/\/www.caririemacao.com\/1\/wp-json\/wp\/v2\/users\/1"}],"replies":[{"embeddable":true,"href":"https:\/\/www.caririemacao.com\/1\/wp-json\/wp\/v2\/comments?post=135278"}],"version-history":[{"count":1,"href":"https:\/\/www.caririemacao.com\/1\/wp-json\/wp\/v2\/posts\/135278\/revisions"}],"predecessor-version":[{"id":135281,"href":"https:\/\/www.caririemacao.com\/1\/wp-json\/wp\/v2\/posts\/135278\/revisions\/135281"}],"wp:featuredmedia":[{"embeddable":true,"href":"https:\/\/www.caririemacao.com\/1\/wp-json\/wp\/v2\/media\/135280"}],"wp:attachment":[{"href":"https:\/\/www.caririemacao.com\/1\/wp-json\/wp\/v2\/media?parent=135278"}],"wp:term":[{"taxonomy":"category","embeddable":true,"href":"https:\/\/www.caririemacao.com\/1\/wp-json\/wp\/v2\/categories?post=135278"},{"taxonomy":"post_tag","embeddable":true,"href":"https:\/\/www.caririemacao.com\/1\/wp-json\/wp\/v2\/tags?post=135278"}],"curies":[{"name":"wp","href":"https:\/\/api.w.org\/{rel}","templated":true}]}}