{"id":135286,"date":"2019-11-14T09:53:15","date_gmt":"2019-11-14T12:53:15","guid":{"rendered":"http:\/\/www.caririemacao.com\/1\/?p=135286"},"modified":"2019-11-14T09:53:15","modified_gmt":"2019-11-14T12:53:15","slug":"caixa-e-bb-iniciam-quinta-fase-de-pagamento-de-abono-do-pis-pasep","status":"publish","type":"post","link":"https:\/\/www.caririemacao.com\/1\/2019\/11\/14\/caixa-e-bb-iniciam-quinta-fase-de-pagamento-de-abono-do-pis-pasep\/","title":{"rendered":"Caixa e BB iniciam quinta fase de pagamento de abono do PIS\/Pasep"},"content":{"rendered":"\n<p>O abono salarial dos programas de Integra\u00e7\u00e3o Social (PIS) e de Forma\u00e7\u00e3o do Patrim\u00f4nio do Servidor P\u00fablico (Pasep) do calend\u00e1rio 2019\/2020 come\u00e7a a ser pago&nbsp;hoje&nbsp;(14) para os benefici\u00e1rios nascidos em novembro e servidores p\u00fablicos com final de inscri\u00e7\u00e3o 04.<\/p>\n\n\n\n<p>A Caixa Econ\u00f4mica Federal \u00e9 respons\u00e1vel pelo pagamento do abono salarial do PIS. Os pagamentos s\u00e3o disponibilizados de forma escalonada conforme o m\u00eas de nascimento do trabalhador.<\/p>\n\n\n\n<p>Os titulares que possuem conta individual na Caixa com cadastro atualizado receberam o cr\u00e9dito autom\u00e1tico antecipado na \u00faltima&nbsp;ter\u00e7a-feira (12).<\/p>\n\n\n\n<p>Os primeiros a receber o abono foram os nascidos em julho, no caso dos trabalhadores da iniciativa privada. Quanto aos servidores p\u00fablicos, os que t\u00eam inscri\u00e7\u00e3o iniciada em zero.<\/p>\n\n\n\n<p>Os trabalhadores que nasceram at\u00e9 dezembro recebem o PIS ainda este ano. Os nascidos entre janeiro e junho&nbsp;ter\u00e3o o recurso dispon\u00edvel para saque em 2020.<\/p>\n\n\n\n<p>Os servidores p\u00fablicos com o d\u00edgito final de inscri\u00e7\u00e3o do Pasep de 0 e 4 tamb\u00e9m recebem este ano. J\u00e1 no caso das inscri\u00e7\u00f5es com o final entre 5 e 9, o pagamento ser\u00e1 no pr\u00f3ximo ano.<\/p>\n\n\n\n<p>O limite para sacar os recursos do exerc\u00edcio 2019\/2020 ser\u00e1 no dia&nbsp;30 de junho&nbsp;de 2020.<\/p>\n\n\n\n<figure class=\"wp-block-image\"><img decoding=\"async\" data-src=\"http:\/\/imagens.ebc.com.br\/RCizDP54SnldhV4MMxX3ehrSxyQ=\/754x0\/smart\/http:\/\/agenciabrasil.ebc.com.br\/sites\/default\/files\/thumbnails\/image\/tabela_abr_pis_pasep-01.png?itok=ESuNMBkD\" alt=\"Calend\u00e1rio de pagamentos do PIS\/Pasep 2019\/2020\" src=\"data:image\/svg+xml;base64,PHN2ZyB3aWR0aD0iMSIgaGVpZ2h0PSIxIiB4bWxucz0iaHR0cDovL3d3dy53My5vcmcvMjAwMC9zdmciPjwvc3ZnPg==\" class=\"lazyload\" \/><\/figure>\n\n\n\n<p>Calend\u00e1rio de pagamentos do PIS\/Pasep 2019\/2020&nbsp;(Arte\/EBC)<\/p>\n\n\n\n<figure class=\"wp-block-image\"><img decoding=\"async\" data-src=\"http:\/\/imagens.ebc.com.br\/hNOKkaoSTIVpKahq_tPblQq7Lso=\/754x0\/smart\/http:\/\/agenciabrasil.ebc.com.br\/sites\/default\/files\/thumbnails\/image\/tabela_abr_pasep.png?itok=vBzKsYZv\" alt=\"Tabela do PSEP\" src=\"data:image\/svg+xml;base64,PHN2ZyB3aWR0aD0iMSIgaGVpZ2h0PSIxIiB4bWxucz0iaHR0cDovL3d3dy53My5vcmcvMjAwMC9zdmciPjwvc3ZnPg==\" class=\"lazyload\" \/><\/figure>\n\n\n\n<p>Tabela do PSEP&nbsp;<strong>(PASEP)<\/strong><\/p>\n\n\n\n<h2 class=\"wp-block-heading\">Quem tem direito<\/h2>\n\n\n\n<p>O benef\u00edcio \u00e9 pago ao trabalhador inscrito no PIS\/Pasep h\u00e1 pelo menos cinco anos, que tenha trabalhado formalmente por pelo menos 30 dias ao longo de 2018 com remunera\u00e7\u00e3o mensal m\u00e9dia de at\u00e9 dois sal\u00e1rios m\u00ednimos.<\/p>\n\n\n\n<p>Para&nbsp;ter&nbsp;direito ao abono tamb\u00e9m \u00e9 necess\u00e1rio que o empregador tenha informado os dados do empregado na Rela\u00e7\u00e3o Anual de Informa\u00e7\u00f5es Sociais (Rais) 2018.<\/p>\n\n\n\n<p>Para os trabalhadores que tiverem os dados declarados na Rais 2018 fora do prazo e entregues at\u00e9&nbsp;25 de setembro&nbsp;de 2019, o pagamento do abono salarial ficou dispon\u00edvel no \u00faltimo dia 4. Ap\u00f3s esse prazo de entrega da declara\u00e7\u00e3o, o abono ser\u00e1 pago no calend\u00e1rio seguinte.<\/p>\n\n\n\n<p>Os trabalhadores que tiverem os dados dos \u00faltimos cinco anos corrigidos e declarados pelos empregadores na Rais tamb\u00e9m&nbsp;ter\u00e3o seu abono liberado conforme o calend\u00e1rio regular. Se os empregadores encaminharem corre\u00e7\u00f5es do cadastro a partir de&nbsp;12 de junho&nbsp;de 2020, os recursos ser\u00e3o liberados no pr\u00f3ximo calend\u00e1rio.<\/p>\n\n\n\n<p>O teto pago \u00e9 de at\u00e9 um sal\u00e1rio m\u00ednimo (R$ 998), com o valor calculado na propor\u00e7\u00e3o de 1\/12 do sal\u00e1rio. A quantia que cada trabalhador vai receber \u00e9 proporcional ao n\u00famero de meses trabalhados formalmente em 2018.<\/p>\n\n\n\n<p>Os herdeiros tamb\u00e9m t\u00eam direito ao saque. No caso de falecimento do participante, herdeiros t\u00eam que apresentar documentos que comprovem a morte e a condi\u00e7\u00e3o de benefici\u00e1rio legal.<\/p>\n\n\n\n<h2 class=\"wp-block-heading\">Como sacar o PIS<\/h2>\n\n\n\n<p>O pagamento do PIS \u00e9 feito pela Caixa e o do Pasep, pelo Banco do Brasil. Os clientes da Caixa e do Banco do Brasil recebem o dinheiro diretamente na conta.<\/p>\n\n\n\n<p>Segundo a Caixa, benefici\u00e1rios que n\u00e3o t\u00eam conta no banco, mas possuem Cart\u00e3o do Cidad\u00e3o com senha cadastrada podem pegar o recurso em casas lot\u00e9ricas, ponto de atendimento Caixa Aqui ou terminais de autoatendimento da Caixa.<\/p>\n\n\n\n<p>Caso n\u00e3o tenha o Cart\u00e3o do Cidad\u00e3o, o valor pode ser retirado em qualquer ag\u00eancia do banco. Nesse caso, \u00e9 preciso apresentar um documento de identifica\u00e7\u00e3o oficial.<\/p>\n\n\n\n<p>O valor do benef\u00edcio pode ser consultado no aplicativo Caixa Trabalhador, no site da Caixa ou pelo Atendimento Caixa ao Cidad\u00e3o pelo&nbsp;0800 726 0207.<\/p>\n\n\n\n<p>De acordo com o banco, o total disponibilizado para o pagamento do PIS no atual calend\u00e1rio \u00e9 de R$ 16,4 bilh\u00f5es, beneficiando 21,6 milh\u00f5es de trabalhadores.<\/p>\n\n\n\n<h2 class=\"wp-block-heading\">Como receber o Pasep<\/h2>\n\n\n\n<p>No caso do Pasep, pago pelo Banco do Brasil, mais de 2,9 milh\u00f5es de trabalhadores t\u00eam direito ao abono, totalizando R$ 2,6 bilh\u00f5es.<\/p>\n\n\n\n<p>Este ano, a novidade \u00e9 que correntistas de outras institui\u00e7\u00f5es financeiras podem enviar transfer\u00eancia eletr\u00f4nica dispon\u00edvel (TED) sem custos. Para os clientes Banco do Brasil, o cr\u00e9dito autom\u00e1tico em conta ser\u00e1 feito dois dias antes da libera\u00e7\u00e3o dos pagamentos.<\/p>\n\n\n\n<p>Entre os servidores p\u00fablicos e militares, com direito ao saque do abono no exerc\u00edcio 2019\/2020, cerca de 1<\/p>\n\n\n\n<figure class=\"wp-block-image\"><img decoding=\"async\" data-src=\"http:\/\/imagens.ebc.com.br\/Os_s94IU_WviUrd0ot4WlqDv9ks=\/754x0\/smart\/http:\/\/agenciabrasil.ebc.com.br\/sites\/default\/files\/thumbnails\/image\/43591452344_c280b9cb5e_o.jpg?itok=ogfxUn1D\" alt=\"trabalhadoras, Linha de produ\u00e7\u00e3o de eletro eletr\u00f4nicos da Semp Toshiba. Ch\u00e3o de f\u00e1brica, Ind\u00fastria.\n\nManaus (AM) 27.10.2010 - Foto: Jos\u00e9 Paulo Lacerda\" src=\"data:image\/svg+xml;base64,PHN2ZyB3aWR0aD0iMSIgaGVpZ2h0PSIxIiB4bWxucz0iaHR0cDovL3d3dy53My5vcmcvMjAwMC9zdmciPjwvc3ZnPg==\" class=\"lazyload\" \/><\/figure>\n\n\n\n<p>trabalhadoras, Linha de produ\u00e7\u00e3o de eletro eletr\u00f4nicos da Semp Toshiba. Ch\u00e3o de f\u00e1brica, Ind\u00fastria. Manaus (AM) 27.10.2010 &#8211; Foto: Jos\u00e9 Paulo Lacerda &#8211;&nbsp;<strong>Jos\u00e9 Paulo Lacerda\/CNI\/Direitos reservados<\/strong><\/p>\n\n\n\n<p>,6 milh\u00e3o n\u00e3o t\u00eam conta no Banco do Brasil. Para facilitar o recebimento, esse p\u00fablico n\u00e3o precisar\u00e1 se deslocar a uma das ag\u00eancias do banco.<\/p>\n\n\n\n<p>Na p\u00e1gina da internet criada pelo BB para o pagamento do benef\u00edcio, o servidor poder\u00e1 solicitar a transfer\u00eancia banc\u00e1ria do valor do seu abono, de acordo com o calend\u00e1rio de pagamento. A transfer\u00eancia tamb\u00e9m pode ser feita em qualquer terminal de autoatendimento do Banco do Brasil.<\/p>\n\n\n\n<p>Os demais benefici\u00e1rios (cerca de 1,3 milh\u00e3o de trabalhadores) s\u00e3o correntistas do banco.<\/p>\n\n\n\n<p>Para saber se tem direito ao abono, o trabalhador pode consultar o site&nbsp;www.bb.com.br\/pasep&nbsp;ou telefonar para a Central de Atendimento do Banco do Brasil, nos telefones 4004-0001 e&nbsp;0800-729-0001.<\/p>\n\n\n\n<h2 class=\"wp-block-heading\">Hist\u00f3rico<\/h2>\n\n\n\n<p>As leis complementares n\u00ba 7 e 8 de 1970, respectivamente, criaram o PIS e o Pasep. A partir de 1976, foi feita a unifica\u00e7\u00e3o dos programas no Fundo PIS\/Pasep. At\u00e9 outubro de 1988 os empregadores contribu\u00edam ao Fundo de Participa\u00e7\u00e3o PIS\/Pasep, que distribu\u00eda valores aos empregados na forma de cotas proporcionais ao sal\u00e1rio e tempo de servi\u00e7o.<\/p>\n\n\n\n<p>Ap\u00f3s a promulga\u00e7\u00e3o da Constitui\u00e7\u00e3o de 1988, as contribui\u00e7\u00f5es recolhidas em nome do PIS\/Pasep n\u00e3o acrescentam saldo \u00e0s contas individuais. Os recursos passaram a compor o Fundo de Amparo ao Trabalhador (FAT), para o custeio do Programa do Seguro-Desemprego, do Abono Salarial e a financiamento de programas do Banco Nacional de Desenvolvimento Econ\u00f4mico e Social (BNDES).<\/p>\n\n\n\n<p>O abono salarial que n\u00e3o for retirado dentro do calend\u00e1rio anual de pagamentos ser\u00e1 devolvido ao FAT.<\/p>\n","protected":false},"excerpt":{"rendered":"<p>O abono salarial dos programas de Integra\u00e7\u00e3o Social (PIS) e de Forma\u00e7\u00e3o do Patrim\u00f4nio do Servidor P\u00fablico (Pasep) do calend\u00e1rio 2019\/2020 come\u00e7a a ser pago&nbsp;hoje&nbsp;(14)&hellip; <\/p>\n","protected":false},"author":1,"featured_media":86060,"comment_status":"closed","ping_status":"closed","sticky":false,"template":"","format":"standard","meta":{"sfsi_plus_gutenberg_text_before_share":"","sfsi_plus_gutenberg_show_text_before_share":"","sfsi_plus_gutenberg_icon_type":"","sfsi_plus_gutenberg_icon_alignemt":"","sfsi_plus_gutenburg_max_per_row":"","footnotes":""},"categories":[2],"tags":[],"class_list":["post-135286","post","type-post","status-publish","format-standard","has-post-thumbnail","hentry","category-geral"],"_links":{"self":[{"href":"https:\/\/www.caririemacao.com\/1\/wp-json\/wp\/v2\/posts\/135286","targetHints":{"allow":["GET"]}}],"collection":[{"href":"https:\/\/www.caririemacao.com\/1\/wp-json\/wp\/v2\/posts"}],"about":[{"href":"https:\/\/www.caririemacao.com\/1\/wp-json\/wp\/v2\/types\/post"}],"author":[{"embeddable":true,"href":"https:\/\/www.caririemacao.com\/1\/wp-json\/wp\/v2\/users\/1"}],"replies":[{"embeddable":true,"href":"https:\/\/www.caririemacao.com\/1\/wp-json\/wp\/v2\/comments?post=135286"}],"version-history":[{"count":1,"href":"https:\/\/www.caririemacao.com\/1\/wp-json\/wp\/v2\/posts\/135286\/revisions"}],"predecessor-version":[{"id":135288,"href":"https:\/\/www.caririemacao.com\/1\/wp-json\/wp\/v2\/posts\/135286\/revisions\/135288"}],"wp:featuredmedia":[{"embeddable":true,"href":"https:\/\/www.caririemacao.com\/1\/wp-json\/wp\/v2\/media\/86060"}],"wp:attachment":[{"href":"https:\/\/www.caririemacao.com\/1\/wp-json\/wp\/v2\/media?parent=135286"}],"wp:term":[{"taxonomy":"category","embeddable":true,"href":"https:\/\/www.caririemacao.com\/1\/wp-json\/wp\/v2\/categories?post=135286"},{"taxonomy":"post_tag","embeddable":true,"href":"https:\/\/www.caririemacao.com\/1\/wp-json\/wp\/v2\/tags?post=135286"}],"curies":[{"name":"wp","href":"https:\/\/api.w.org\/{rel}","templated":true}]}}