{"id":135295,"date":"2019-11-14T09:55:56","date_gmt":"2019-11-14T12:55:56","guid":{"rendered":"http:\/\/www.caririemacao.com\/1\/?p=135295"},"modified":"2019-11-14T09:55:56","modified_gmt":"2019-11-14T12:55:56","slug":"cientistas-concluem-que-litio-reverte-males-de-radiacao-no-cerebro","status":"publish","type":"post","link":"https:\/\/www.caririemacao.com\/1\/2019\/11\/14\/cientistas-concluem-que-litio-reverte-males-de-radiacao-no-cerebro\/","title":{"rendered":"Cientistas concluem que l\u00edtio reverte males de radia\u00e7\u00e3o no c\u00e9rebro"},"content":{"rendered":"\n<p>Cientistas conclu\u00edram, em uma experi\u00eancia com ratos, que o l\u00edtio pode reverter os malef\u00edcios da radia\u00e7\u00e3o no c\u00e9rebro, podendo o seu uso ser promissor para tratar crian\u00e7as que foram sujeitas a radioterapia e desenvolveram posteriormente d\u00e9ficits de mem\u00f3ria e aprendizagem.<\/p>\n\n\n\n<p>Os autores do estudo, publicado hoje (14) na revista da especialidade&nbsp;<em>Molecular Psychiatry<\/em>, n\u00e3o esclarecem se os animais testados eram saud\u00e1veis ou tinham tumores na cabe\u00e7a, tal como as crian\u00e7as submetidas a radioterapia, e se desenvolveram esses d\u00e9ficits.<\/p>\n\n\n\n<p>De acordo com os pesquisadores do Instituto Karolinska, da Su\u00e9cia, citados em comunicado pela institui\u00e7\u00e3o, a capacidade de mem\u00f3ria e aprendizagem dos roedores melhorou quando foram tratados com l\u00edtio (metal) ap\u00f3s, numa fase inicial da vida, o seu c\u00e9rebro ter sido submetido a doses de radia\u00e7\u00e3o n\u00e3o especificadas.<\/p>\n\n\n\n<p>A equipe verificou aumento da forma\u00e7\u00e3o de novos neur\u00f4nios (c\u00e9lulas) em \u00e1rea do c\u00e9rebro (hipocampo) que \u00e9 importante para a mem\u00f3ria, durante o per\u00edodo em que os ratos receberam l\u00edtio, na fase de crescimento at\u00e9 se tornarem quase adultos.<\/p>\n\n\n\n<p>O comunicado ressalva, no entanto, que a matura\u00e7\u00e3o dos neur\u00f4nios em c\u00e9lulas nervosas completas s\u00f3 ocorreu quando o tratamento com l\u00edtio foi interrompido.<\/p>\n\n\n\n<p>Ainda assim, a autora principal do estudo, Giulia Zanni, considera que o l\u00edtio, &#8220;dado segundo as diretrizes do modelo&#8221; testado em ratos, &#8220;pode ajudar a curar as les\u00f5es causadas pela radioterapia, mesmo ao fim de muito tempo&#8221;.<\/p>\n\n\n\n<p>O estudo concluiu ainda que apenas as c\u00e9lulas sujeitas a radia\u00e7\u00e3o s\u00e3o afetadas pela a\u00e7\u00e3o do l\u00edtio.<\/p>\n\n\n\n<p>O grupo de investiga\u00e7\u00e3o, que pretende avan\u00e7ar para ensaios cl\u00ednicos, j\u00e1 tinha sugerido anteriormente que o l\u00edtio protege o c\u00e9rebro contra les\u00f5es se for administrado juntamente com a radioterapia.<\/p>\n","protected":false},"excerpt":{"rendered":"<p>Cientistas conclu\u00edram, em uma experi\u00eancia com ratos, que o l\u00edtio pode reverter os malef\u00edcios da radia\u00e7\u00e3o no c\u00e9rebro, podendo o seu uso ser promissor para&hellip; <\/p>\n","protected":false},"author":1,"featured_media":135297,"comment_status":"closed","ping_status":"closed","sticky":false,"template":"","format":"standard","meta":{"sfsi_plus_gutenberg_text_before_share":"","sfsi_plus_gutenberg_show_text_before_share":"","sfsi_plus_gutenberg_icon_type":"","sfsi_plus_gutenberg_icon_alignemt":"","sfsi_plus_gutenburg_max_per_row":"","footnotes":""},"categories":[2],"tags":[],"class_list":["post-135295","post","type-post","status-publish","format-standard","has-post-thumbnail","hentry","category-geral"],"_links":{"self":[{"href":"https:\/\/www.caririemacao.com\/1\/wp-json\/wp\/v2\/posts\/135295","targetHints":{"allow":["GET"]}}],"collection":[{"href":"https:\/\/www.caririemacao.com\/1\/wp-json\/wp\/v2\/posts"}],"about":[{"href":"https:\/\/www.caririemacao.com\/1\/wp-json\/wp\/v2\/types\/post"}],"author":[{"embeddable":true,"href":"https:\/\/www.caririemacao.com\/1\/wp-json\/wp\/v2\/users\/1"}],"replies":[{"embeddable":true,"href":"https:\/\/www.caririemacao.com\/1\/wp-json\/wp\/v2\/comments?post=135295"}],"version-history":[{"count":1,"href":"https:\/\/www.caririemacao.com\/1\/wp-json\/wp\/v2\/posts\/135295\/revisions"}],"predecessor-version":[{"id":135298,"href":"https:\/\/www.caririemacao.com\/1\/wp-json\/wp\/v2\/posts\/135295\/revisions\/135298"}],"wp:featuredmedia":[{"embeddable":true,"href":"https:\/\/www.caririemacao.com\/1\/wp-json\/wp\/v2\/media\/135297"}],"wp:attachment":[{"href":"https:\/\/www.caririemacao.com\/1\/wp-json\/wp\/v2\/media?parent=135295"}],"wp:term":[{"taxonomy":"category","embeddable":true,"href":"https:\/\/www.caririemacao.com\/1\/wp-json\/wp\/v2\/categories?post=135295"},{"taxonomy":"post_tag","embeddable":true,"href":"https:\/\/www.caririemacao.com\/1\/wp-json\/wp\/v2\/tags?post=135295"}],"curies":[{"name":"wp","href":"https:\/\/api.w.org\/{rel}","templated":true}]}}