{"id":135317,"date":"2019-11-14T10:29:27","date_gmt":"2019-11-14T13:29:27","guid":{"rendered":"http:\/\/www.caririemacao.com\/1\/?p=135317"},"modified":"2019-11-14T10:29:27","modified_gmt":"2019-11-14T13:29:27","slug":"na-pb-passageiros-pulam-de-onibus-durante-assalto","status":"publish","type":"post","link":"https:\/\/www.caririemacao.com\/1\/2019\/11\/14\/na-pb-passageiros-pulam-de-onibus-durante-assalto\/","title":{"rendered":"NA PB: Passageiros pulam de \u00f4nibus durante assalto"},"content":{"rendered":"\n<p>Na noite desta quarta-feira (13), passageiros de um \u00f4nibus ficaram feridos ap\u00f3s pularem do ve\u00edculo durante um assalto, em Jo\u00e3o Pessoa. O \u00f4nibus trafegava pelo Centro da cidade, quando um homem armado com um fac\u00e3o anunciou o assalto.&nbsp;<\/p>\n\n\n\n<p>Alguns passageiros que estavam no ve\u00edculo se assustaram e pularam do \u00f4nibus em movimento.&nbsp;<\/p>\n\n\n\n<p>O suspeito do assalto fugiu.&nbsp;<\/p>\n\n\n\n<p>Os feridos foram socorridos para o Hospital de Trauma de Jo\u00e3o Pessoa. O estado de sa\u00fade n\u00e3o foi divulgado.&nbsp;<\/p>\n\n\n\n<p>A Pol\u00edcia n\u00e3o informou se o suspeito conseguiu roubar algum valor das v\u00edtimas.<\/p>\n","protected":false},"excerpt":{"rendered":"<p>Na noite desta quarta-feira (13), passageiros de um \u00f4nibus ficaram feridos ap\u00f3s pularem do ve\u00edculo durante um assalto, em Jo\u00e3o Pessoa. O \u00f4nibus trafegava pelo&hellip; <\/p>\n","protected":false},"author":1,"featured_media":88728,"comment_status":"closed","ping_status":"closed","sticky":false,"template":"","format":"standard","meta":{"sfsi_plus_gutenberg_text_before_share":"","sfsi_plus_gutenberg_show_text_before_share":"","sfsi_plus_gutenberg_icon_type":"","sfsi_plus_gutenberg_icon_alignemt":"","sfsi_plus_gutenburg_max_per_row":"","footnotes":""},"categories":[12],"tags":[],"class_list":["post-135317","post","type-post","status-publish","format-standard","has-post-thumbnail","hentry","category-policia"],"_links":{"self":[{"href":"https:\/\/www.caririemacao.com\/1\/wp-json\/wp\/v2\/posts\/135317","targetHints":{"allow":["GET"]}}],"collection":[{"href":"https:\/\/www.caririemacao.com\/1\/wp-json\/wp\/v2\/posts"}],"about":[{"href":"https:\/\/www.caririemacao.com\/1\/wp-json\/wp\/v2\/types\/post"}],"author":[{"embeddable":true,"href":"https:\/\/www.caririemacao.com\/1\/wp-json\/wp\/v2\/users\/1"}],"replies":[{"embeddable":true,"href":"https:\/\/www.caririemacao.com\/1\/wp-json\/wp\/v2\/comments?post=135317"}],"version-history":[{"count":1,"href":"https:\/\/www.caririemacao.com\/1\/wp-json\/wp\/v2\/posts\/135317\/revisions"}],"predecessor-version":[{"id":135321,"href":"https:\/\/www.caririemacao.com\/1\/wp-json\/wp\/v2\/posts\/135317\/revisions\/135321"}],"wp:featuredmedia":[{"embeddable":true,"href":"https:\/\/www.caririemacao.com\/1\/wp-json\/wp\/v2\/media\/88728"}],"wp:attachment":[{"href":"https:\/\/www.caririemacao.com\/1\/wp-json\/wp\/v2\/media?parent=135317"}],"wp:term":[{"taxonomy":"category","embeddable":true,"href":"https:\/\/www.caririemacao.com\/1\/wp-json\/wp\/v2\/categories?post=135317"},{"taxonomy":"post_tag","embeddable":true,"href":"https:\/\/www.caririemacao.com\/1\/wp-json\/wp\/v2\/tags?post=135317"}],"curies":[{"name":"wp","href":"https:\/\/api.w.org\/{rel}","templated":true}]}}