{"id":135354,"date":"2019-11-14T11:53:22","date_gmt":"2019-11-14T14:53:22","guid":{"rendered":"http:\/\/www.caririemacao.com\/1\/?p=135354"},"modified":"2019-11-14T11:53:22","modified_gmt":"2019-11-14T14:53:22","slug":"romero-anuncia-tovar-correia-lima-como-novo-secretario-de-planejamento-de-campina-grande","status":"publish","type":"post","link":"https:\/\/www.caririemacao.com\/1\/2019\/11\/14\/romero-anuncia-tovar-correia-lima-como-novo-secretario-de-planejamento-de-campina-grande\/","title":{"rendered":"Romero anuncia Tovar Correia Lima como novo secret\u00e1rio de Planejamento de Campina Grande"},"content":{"rendered":"\n<figure class=\"wp-block-image\"><img decoding=\"async\" data-src=\"http:\/\/www.blogdobrunolira.com.br\/wp-content\/uploads\/2019\/11\/unnamed-2.jpg\" alt=\"\" src=\"data:image\/svg+xml;base64,PHN2ZyB3aWR0aD0iMSIgaGVpZ2h0PSIxIiB4bWxucz0iaHR0cDovL3d3dy53My5vcmcvMjAwMC9zdmciPjwvc3ZnPg==\" class=\"lazyload\" \/><\/figure>\n\n\n\n<p>O prefeito Romero Rodrigues anunciou, na manh\u00e3 desta quinta-feira, 14, o nome do deputado Tovar Correia Lima (PSDB), 39, como novo secret\u00e1rio de Planejamento de Campina Grande. Tovar, que se licenciou da Assembleia Legislativa da Para\u00edba, assumir\u00e1 o cargo no primeiro escal\u00e3o da Prefeitura na pr\u00f3xima segunda-feira, 18.<\/p>\n\n\n\n<p>Com a chegada de Tovar Correia Lima na Seplan, Romero Rodrigues efetivar\u00e1 o atual secret\u00e1rio da pasta, Diogo Fl\u00e1vio Lyra Batista, como titular da Administra\u00e7\u00e3o do Munic\u00edpio. Diogo vinha acumulando os dois cargos desde julho deste ano.<\/p>\n\n\n\n<p>N\u00e3o \u00e9 a primeira vez que Tovar Correia Lima \u00e9 chamado para colaborar com a gest\u00e3o de Romero Rodrigues. Como vereador, se licenciou do cargo em janeiro de 2013 para assumir a Chefia do Gabinete do Prefeito, s\u00f3 deixando o cargo em abril de 2014 para disputar cadeira na Assembleia Legislativa, para a qual foi eleito.<\/p>\n\n\n\n<p>Em julho de 2017, Tovar Correia se licenciou da Assembleia e aceitou convite do prefeito campinense para retornar ao governo municipal de Campina Grande, como secret\u00e1rio de Ci\u00eancia e Tecnologia. O deputado licenciado s\u00f3 deixou o cargo em abril de 2018, ao desincompatibilizar para concorrer \u00e0 reelei\u00e7\u00e3o \u00e0 Assembleia, tendo novamente obtido \u00eaxito na campanha, sendo reeleito.<\/p>\n","protected":false},"excerpt":{"rendered":"<p>O prefeito Romero Rodrigues anunciou, na manh\u00e3 desta quinta-feira, 14, o nome do deputado Tovar Correia Lima (PSDB), 39, como novo secret\u00e1rio de Planejamento de&hellip; <\/p>\n","protected":false},"author":1,"featured_media":135353,"comment_status":"closed","ping_status":"closed","sticky":false,"template":"","format":"standard","meta":{"sfsi_plus_gutenberg_text_before_share":"","sfsi_plus_gutenberg_show_text_before_share":"","sfsi_plus_gutenberg_icon_type":"","sfsi_plus_gutenberg_icon_alignemt":"","sfsi_plus_gutenburg_max_per_row":"","footnotes":""},"categories":[2],"tags":[],"class_list":["post-135354","post","type-post","status-publish","format-standard","has-post-thumbnail","hentry","category-geral"],"_links":{"self":[{"href":"https:\/\/www.caririemacao.com\/1\/wp-json\/wp\/v2\/posts\/135354","targetHints":{"allow":["GET"]}}],"collection":[{"href":"https:\/\/www.caririemacao.com\/1\/wp-json\/wp\/v2\/posts"}],"about":[{"href":"https:\/\/www.caririemacao.com\/1\/wp-json\/wp\/v2\/types\/post"}],"author":[{"embeddable":true,"href":"https:\/\/www.caririemacao.com\/1\/wp-json\/wp\/v2\/users\/1"}],"replies":[{"embeddable":true,"href":"https:\/\/www.caririemacao.com\/1\/wp-json\/wp\/v2\/comments?post=135354"}],"version-history":[{"count":1,"href":"https:\/\/www.caririemacao.com\/1\/wp-json\/wp\/v2\/posts\/135354\/revisions"}],"predecessor-version":[{"id":135356,"href":"https:\/\/www.caririemacao.com\/1\/wp-json\/wp\/v2\/posts\/135354\/revisions\/135356"}],"wp:featuredmedia":[{"embeddable":true,"href":"https:\/\/www.caririemacao.com\/1\/wp-json\/wp\/v2\/media\/135353"}],"wp:attachment":[{"href":"https:\/\/www.caririemacao.com\/1\/wp-json\/wp\/v2\/media?parent=135354"}],"wp:term":[{"taxonomy":"category","embeddable":true,"href":"https:\/\/www.caririemacao.com\/1\/wp-json\/wp\/v2\/categories?post=135354"},{"taxonomy":"post_tag","embeddable":true,"href":"https:\/\/www.caririemacao.com\/1\/wp-json\/wp\/v2\/tags?post=135354"}],"curies":[{"name":"wp","href":"https:\/\/api.w.org\/{rel}","templated":true}]}}