{"id":135365,"date":"2019-11-14T13:09:05","date_gmt":"2019-11-14T16:09:05","guid":{"rendered":"http:\/\/www.caririemacao.com\/1\/?p=135365"},"modified":"2019-11-14T13:09:05","modified_gmt":"2019-11-14T16:09:05","slug":"prefeito-celio-participa-de-reuniao-e-agiliza-processo-para-solucionar-problema-do-destino-do-lixo-de-sao-joao-do-tigre","status":"publish","type":"post","link":"https:\/\/www.caririemacao.com\/1\/2019\/11\/14\/prefeito-celio-participa-de-reuniao-e-agiliza-processo-para-solucionar-problema-do-destino-do-lixo-de-sao-joao-do-tigre\/","title":{"rendered":"Prefeito C\u00e9lio participa de reuni\u00e3o e agiliza processo para solucionar problema do destino do lixo de S\u00e3o Jo\u00e3o do Tigre"},"content":{"rendered":"\n<p>O prefeito C\u00e9lio Barbosa participou na manha desta ter\u00e7a feira em Monteiro de uma importante reuni\u00e3o com a participa\u00e7\u00e3o do procurador-geral de Justi\u00e7a, Francisco Ser\u00e1phico Ferraz da N\u00f3brega Filho, o procurador de Justi\u00e7a, Francisco Sagres e o promotor de Justi\u00e7a, Raniere Dantas, al\u00e9m da prefeita Anna Lorena de Monteiro, J\u00fanior N\u00f3brega da Prata e representantes dos munic\u00edpios de Ouro Velho e amparo.<br>O intuito da reuni\u00e3o era debater as alternativas para a acelera\u00e7\u00e3o da extin\u00e7\u00e3o dos lix\u00f5es.<br>Os participantes da reuni\u00e3o abordaram as documenta\u00e7\u00f5es, espa\u00e7os f\u00edsicos e a viabilidade da constru\u00e7\u00e3o de galp\u00f5es para reciclagem.<br>Cada munic\u00edpio teve seu caso tratado de acordo com suas peculiaridades.<br>Dentre as solu\u00e7\u00f5es apontadas como un\u00e2nimes entre os prefeitos est\u00e3o a constru\u00e7\u00e3o de um galp\u00e3o para coleta seletiva, p\u00e1tio de compostagem e c\u00e9lulas e rejeito. Ainda conforme as indica\u00e7\u00f5es dos representantes do MPPB est\u00e3o: a cria\u00e7\u00e3o de campanhas educativas e o incentivo \u00e0 separa\u00e7\u00e3o para coleta adequada do lixo recicl\u00e1vel, lixo molhado e rejeito.<br><\/p>\n\n\n\n<figure class=\"wp-block-image\"><a href=\"https:\/\/www.monteiro.pb.gov.br\/storage\/content\/noticias\/geral\/1864\/galeria\/prefeitos-do-cariri-da-pb-com-ministerio-publico-1.jpeg\"><img decoding=\"async\" data-src=\"https:\/\/www.monteiro.pb.gov.br\/storage\/content\/noticias\/geral\/1864\/galeria\/prefeitos-do-cariri-da-pb-com-ministerio-publico-1.jpeg\" alt=\"\" src=\"data:image\/svg+xml;base64,PHN2ZyB3aWR0aD0iMSIgaGVpZ2h0PSIxIiB4bWxucz0iaHR0cDovL3d3dy53My5vcmcvMjAwMC9zdmciPjwvc3ZnPg==\" class=\"lazyload\" \/><\/a><\/figure>\n\n\n\n<p>Dentro da cria\u00e7\u00e3o das campanhas educativas, os secret\u00e1rios de Sa\u00fade e Educa\u00e7\u00e3o presentes foram incentivados a mobilizar professores, agentes comunit\u00e1rios de sa\u00fade e endemias para o engajamento da comunidade.&nbsp;<br>As secret\u00e1rias Cristiane Costa de educa\u00e7\u00e3o e Maria Jos\u00e9 da sa\u00fade, tamb\u00e9m<strong><br><\/strong><strong>Reuni\u00e3o T\u00e9cnica<\/strong><br>Ficou agendada uma importante reuni\u00e3o t\u00e9cnica para funcion\u00e1rios da \u00e1rea de licita\u00e7\u00e3o, infraestrutura, procuradoria jur\u00eddica e engenheiros no pr\u00f3ximo dia 26.<br>O evento acontece na sede da Promotoria na Rua Gilverson de Ara\u00fajo \u00e0s 10h, todos tamb\u00e9m est\u00e3o convidados a participar da abertura da audi\u00eancia p\u00fablica.<br>F\u00c1BIO BRITO<\/p>\n","protected":false},"excerpt":{"rendered":"<p>O prefeito C\u00e9lio Barbosa participou na manha desta ter\u00e7a feira em Monteiro de uma importante reuni\u00e3o com a participa\u00e7\u00e3o do procurador-geral de Justi\u00e7a, Francisco Ser\u00e1phico&hellip; <\/p>\n","protected":false},"author":1,"featured_media":135368,"comment_status":"closed","ping_status":"closed","sticky":false,"template":"","format":"standard","meta":{"sfsi_plus_gutenberg_text_before_share":"","sfsi_plus_gutenberg_show_text_before_share":"","sfsi_plus_gutenberg_icon_type":"","sfsi_plus_gutenberg_icon_alignemt":"","sfsi_plus_gutenburg_max_per_row":"","footnotes":""},"categories":[2],"tags":[],"class_list":["post-135365","post","type-post","status-publish","format-standard","has-post-thumbnail","hentry","category-geral"],"_links":{"self":[{"href":"https:\/\/www.caririemacao.com\/1\/wp-json\/wp\/v2\/posts\/135365","targetHints":{"allow":["GET"]}}],"collection":[{"href":"https:\/\/www.caririemacao.com\/1\/wp-json\/wp\/v2\/posts"}],"about":[{"href":"https:\/\/www.caririemacao.com\/1\/wp-json\/wp\/v2\/types\/post"}],"author":[{"embeddable":true,"href":"https:\/\/www.caririemacao.com\/1\/wp-json\/wp\/v2\/users\/1"}],"replies":[{"embeddable":true,"href":"https:\/\/www.caririemacao.com\/1\/wp-json\/wp\/v2\/comments?post=135365"}],"version-history":[{"count":1,"href":"https:\/\/www.caririemacao.com\/1\/wp-json\/wp\/v2\/posts\/135365\/revisions"}],"predecessor-version":[{"id":135369,"href":"https:\/\/www.caririemacao.com\/1\/wp-json\/wp\/v2\/posts\/135365\/revisions\/135369"}],"wp:featuredmedia":[{"embeddable":true,"href":"https:\/\/www.caririemacao.com\/1\/wp-json\/wp\/v2\/media\/135368"}],"wp:attachment":[{"href":"https:\/\/www.caririemacao.com\/1\/wp-json\/wp\/v2\/media?parent=135365"}],"wp:term":[{"taxonomy":"category","embeddable":true,"href":"https:\/\/www.caririemacao.com\/1\/wp-json\/wp\/v2\/categories?post=135365"},{"taxonomy":"post_tag","embeddable":true,"href":"https:\/\/www.caririemacao.com\/1\/wp-json\/wp\/v2\/tags?post=135365"}],"curies":[{"name":"wp","href":"https:\/\/api.w.org\/{rel}","templated":true}]}}