{"id":135374,"date":"2019-11-14T13:10:51","date_gmt":"2019-11-14T16:10:51","guid":{"rendered":"http:\/\/www.caririemacao.com\/1\/?p=135374"},"modified":"2019-11-14T13:10:51","modified_gmt":"2019-11-14T16:10:51","slug":"prefeito-junior-nobrega-entrega-academia-da-saude-na-prata","status":"publish","type":"post","link":"https:\/\/www.caririemacao.com\/1\/2019\/11\/14\/prefeito-junior-nobrega-entrega-academia-da-saude-na-prata\/","title":{"rendered":"Prefeito J\u00fanior N\u00f3brega entrega Academia da Sa\u00fade na Prata"},"content":{"rendered":"\n<p>Foi inaugurada nesta quarta-feira, 13, a Academia da Sa\u00fade da cidade de Prata.<br>A estrutura recebeu o nome de Jess\u00e9 Salvador de Lima , uma homenagem merecida a uma pessoa que prestou um importante servi\u00e7o ao munic\u00edpio, ajudando quem mais precisava.<br>A academia segue os moldes estabelecidos pelo Minist\u00e9rio da Sa\u00fade e foi idealizada pelo prefeito Junior N\u00f3brega e a secret\u00e1ria de sa\u00fade Maria Aparecida\u00a0\u00a0com a parceria do Governo Federal.<br>A academia tem o objetivo da promo\u00e7\u00e3o de h\u00e1bitos saud\u00e1veis como a pr\u00e1tica de atividades f\u00edsicas; alimenta\u00e7\u00e3o saud\u00e1vel; educa\u00e7\u00e3o em sa\u00fade e outros servi\u00e7os e atividades.<br>Com uma \u00e1rea total de 245m\u00b2, o espa\u00e7o \u00e9 dotado de acessibilidade e conta com um pr\u00e9dio onde ficam a sala de viv\u00eancia, sala de orienta\u00e7\u00e3o, sanit\u00e1rios, \u00e1rea de circula\u00e7\u00e3o, copa e o dep\u00f3sito de material de limpeza (DML).<br>Para a secret\u00e1ria de sa\u00fade Maria Aparecida , a instala\u00e7\u00e3o da Academia da Sa\u00fade, alia sa\u00fade e esporte, estimulando a pr\u00e1tica de atividades f\u00edsicas e uma qualidade de vida aos moradores do munic\u00edpio em geral.<br>A unidade est\u00e1 situada no centro da cidade e toda a popula\u00e7\u00e3o ser\u00e1 beneficiada com o seu uso.<br>Participaram da inaugura\u00e7\u00e3o, o Prefeito Junior N\u00f3brega e os familiares, filhos e esposa do saudoso Jess\u00e9 Salvador de Lima.<br>Marcaram presen\u00e7a ainda o presidente da C\u00e2mara de Vereadores o vereador Toinho de Beb\u00e9 e os vereadores Veronica e Pedro Est\u00eav\u00e3o , e os secret\u00e1rios municipais: Secret\u00e1ria de Assistente social Gilvaneide Bezerra,\u00a0\u00a0Secret\u00e1rio de agricultura Genivaldo Temb\u00f3rio; secret\u00e1ria de Cultura e Esporte Ros\u00e2ngela Rafael, secret\u00e1rio de infraestrutura Edimar Maciel, a secret\u00e1ria de sa\u00fade Maria Aparecida e a Gerente do Sebrae Madalena Arruda.<br>COM PORTALCARIRIPB<\/p>\n","protected":false},"excerpt":{"rendered":"<p>Foi inaugurada nesta quarta-feira, 13, a Academia da Sa\u00fade da cidade de Prata.A estrutura recebeu o nome de Jess\u00e9 Salvador de Lima , uma homenagem&hellip; <\/p>\n","protected":false},"author":1,"featured_media":135376,"comment_status":"closed","ping_status":"closed","sticky":false,"template":"","format":"standard","meta":{"sfsi_plus_gutenberg_text_before_share":"","sfsi_plus_gutenberg_show_text_before_share":"","sfsi_plus_gutenberg_icon_type":"","sfsi_plus_gutenberg_icon_alignemt":"","sfsi_plus_gutenburg_max_per_row":"","footnotes":""},"categories":[6],"tags":[],"class_list":["post-135374","post","type-post","status-publish","format-standard","has-post-thumbnail","hentry","category-cidades"],"_links":{"self":[{"href":"https:\/\/www.caririemacao.com\/1\/wp-json\/wp\/v2\/posts\/135374","targetHints":{"allow":["GET"]}}],"collection":[{"href":"https:\/\/www.caririemacao.com\/1\/wp-json\/wp\/v2\/posts"}],"about":[{"href":"https:\/\/www.caririemacao.com\/1\/wp-json\/wp\/v2\/types\/post"}],"author":[{"embeddable":true,"href":"https:\/\/www.caririemacao.com\/1\/wp-json\/wp\/v2\/users\/1"}],"replies":[{"embeddable":true,"href":"https:\/\/www.caririemacao.com\/1\/wp-json\/wp\/v2\/comments?post=135374"}],"version-history":[{"count":1,"href":"https:\/\/www.caririemacao.com\/1\/wp-json\/wp\/v2\/posts\/135374\/revisions"}],"predecessor-version":[{"id":135377,"href":"https:\/\/www.caririemacao.com\/1\/wp-json\/wp\/v2\/posts\/135374\/revisions\/135377"}],"wp:featuredmedia":[{"embeddable":true,"href":"https:\/\/www.caririemacao.com\/1\/wp-json\/wp\/v2\/media\/135376"}],"wp:attachment":[{"href":"https:\/\/www.caririemacao.com\/1\/wp-json\/wp\/v2\/media?parent=135374"}],"wp:term":[{"taxonomy":"category","embeddable":true,"href":"https:\/\/www.caririemacao.com\/1\/wp-json\/wp\/v2\/categories?post=135374"},{"taxonomy":"post_tag","embeddable":true,"href":"https:\/\/www.caririemacao.com\/1\/wp-json\/wp\/v2\/tags?post=135374"}],"curies":[{"name":"wp","href":"https:\/\/api.w.org\/{rel}","templated":true}]}}