{"id":135384,"date":"2019-11-14T13:14:04","date_gmt":"2019-11-14T16:14:04","guid":{"rendered":"http:\/\/www.caririemacao.com\/1\/?p=135384"},"modified":"2019-11-14T13:14:04","modified_gmt":"2019-11-14T16:14:04","slug":"com-ou-sem-transposicao-quase-10-mil-pessoas-dependem-da-prefeitura-de-monteiro-para-beber-agua-doce","status":"publish","type":"post","link":"https:\/\/www.caririemacao.com\/1\/2019\/11\/14\/com-ou-sem-transposicao-quase-10-mil-pessoas-dependem-da-prefeitura-de-monteiro-para-beber-agua-doce\/","title":{"rendered":"Com ou sem Transposi\u00e7\u00e3o, quase 10 mil pessoas dependem da prefeitura de Monteiro para beber \u00e1gua doce"},"content":{"rendered":"\n<p>O canal da transposi\u00e7\u00e3o das \u00e1guas do Rio S\u00e3o Francisco da cidade de Monteiro, no Cariri da Para\u00edba, est\u00e1 sem receber \u00e1gua h\u00e1 quase nove meses. Desde o dia 22 de fevereiro deste ano o bombeamento foi suspenso devido a um problema na barragem de Cacimba Nova, em Pernambuco.<\/p>\n\n\n\n<p>O Minist\u00e9rio do Desenvolvimento Regional (MDR), respons\u00e1vel pela Transposi\u00e7\u00e3o do Rio S\u00e3o Francisco, n\u00e3o determinou uma data espec\u00edfica, mas informou que o reservat\u00f3rio de Campos que fica no munic\u00edpio vizinho de Sert\u00e2nia (PE), de onde a \u00e1gua vai partir para a Para\u00edba, seria reabastecido neste m\u00eas de novembro e, posteriormente, haveria o bombeamento para Monteiro.<\/p>\n\n\n\n<p>Monteiro foi a primeira cidade paraibana a receber as \u00e1guas da transposi\u00e7\u00e3o em 8 de mar\u00e7o de 2017. Quase tr\u00eas anos depois, o que seria a \u201creden\u00e7\u00e3o\u201d dos povos do Cariri e parte do complexo da Borborema no acesso a \u00e1gua limpa e tratada para beber, irrigar as planta\u00e7\u00f5es e matar a sede dos animais, ainda \u00e9 um sonho distante da realidade.<\/p>\n\n\n\n<p>Com ou sem as \u00e1guas do velho Chico, os carros-pipa ainda fazem parte da paisagem na zona rural de Monteiro, que possui quase 1 mil km\u00b2 de \u00e1rea, com praticamente 90% de seu territ\u00f3rio sem acesso direto \u00e0s \u00e1guas do canal. Na zona urbana, ainda \u00e9 poss\u00edvel ver a presen\u00e7a de carros vendendo \u00e1gua pelas ruas.<\/p>\n\n\n\n<p>Somente no m\u00eas de outubro, as a\u00e7\u00f5es conjuntas dos carros pipa da prefeitura, juntamente com os carros da Opera\u00e7\u00e3o Pipa do Exercito Brasileiro, abasteceram 337 cisternas de placa, beneficiando diretamente certa de 9.809 pessoas que residem na zona rural do munic\u00edpio nas comunidades do Amaro, Angiquinho, Assentamento dos Dez, Barreiros, Bredos, Cacimba de Cima, Camale\u00e3o, Esp\u00edrito Santo, Extrema, Gameleira, Lagoa do Mato, Mutir\u00e3o, Mulungu, Olho D\u2019\u00e1gua do Silva, Picos, Pitombeira, Po\u00e7\u00e3o, Pocinhos, Posto Fiscal, Queimadas, Riacho da Cruz, Riacho Verde, Serra Branca, Serrote, Serrote de Baixo, Serrote de Cima, Sitio do Meio, Tamandu\u00e1, Tapagem e Vila Produtiva Rural Lafayete.<\/p>\n","protected":false},"excerpt":{"rendered":"<p>O canal da transposi\u00e7\u00e3o das \u00e1guas do Rio S\u00e3o Francisco da cidade de Monteiro, no Cariri da Para\u00edba, est\u00e1 sem receber \u00e1gua h\u00e1 quase nove&hellip; <\/p>\n","protected":false},"author":1,"featured_media":135386,"comment_status":"closed","ping_status":"closed","sticky":false,"template":"","format":"standard","meta":{"sfsi_plus_gutenberg_text_before_share":"","sfsi_plus_gutenberg_show_text_before_share":"","sfsi_plus_gutenberg_icon_type":"","sfsi_plus_gutenberg_icon_alignemt":"","sfsi_plus_gutenburg_max_per_row":"","footnotes":""},"categories":[2],"tags":[],"class_list":["post-135384","post","type-post","status-publish","format-standard","has-post-thumbnail","hentry","category-geral"],"_links":{"self":[{"href":"https:\/\/www.caririemacao.com\/1\/wp-json\/wp\/v2\/posts\/135384","targetHints":{"allow":["GET"]}}],"collection":[{"href":"https:\/\/www.caririemacao.com\/1\/wp-json\/wp\/v2\/posts"}],"about":[{"href":"https:\/\/www.caririemacao.com\/1\/wp-json\/wp\/v2\/types\/post"}],"author":[{"embeddable":true,"href":"https:\/\/www.caririemacao.com\/1\/wp-json\/wp\/v2\/users\/1"}],"replies":[{"embeddable":true,"href":"https:\/\/www.caririemacao.com\/1\/wp-json\/wp\/v2\/comments?post=135384"}],"version-history":[{"count":1,"href":"https:\/\/www.caririemacao.com\/1\/wp-json\/wp\/v2\/posts\/135384\/revisions"}],"predecessor-version":[{"id":135387,"href":"https:\/\/www.caririemacao.com\/1\/wp-json\/wp\/v2\/posts\/135384\/revisions\/135387"}],"wp:featuredmedia":[{"embeddable":true,"href":"https:\/\/www.caririemacao.com\/1\/wp-json\/wp\/v2\/media\/135386"}],"wp:attachment":[{"href":"https:\/\/www.caririemacao.com\/1\/wp-json\/wp\/v2\/media?parent=135384"}],"wp:term":[{"taxonomy":"category","embeddable":true,"href":"https:\/\/www.caririemacao.com\/1\/wp-json\/wp\/v2\/categories?post=135384"},{"taxonomy":"post_tag","embeddable":true,"href":"https:\/\/www.caririemacao.com\/1\/wp-json\/wp\/v2\/tags?post=135384"}],"curies":[{"name":"wp","href":"https:\/\/api.w.org\/{rel}","templated":true}]}}