{"id":135394,"date":"2019-11-14T13:16:46","date_gmt":"2019-11-14T16:16:46","guid":{"rendered":"http:\/\/www.caririemacao.com\/1\/?p=135394"},"modified":"2019-11-14T13:16:46","modified_gmt":"2019-11-14T16:16:46","slug":"prefeitura-de-sao-jose-dos-cordeiros-divulga-resultado-preliminar-do-concurso-publico","status":"publish","type":"post","link":"https:\/\/www.caririemacao.com\/1\/2019\/11\/14\/prefeitura-de-sao-jose-dos-cordeiros-divulga-resultado-preliminar-do-concurso-publico\/","title":{"rendered":"Prefeitura de S\u00e3o Jos\u00e9 dos Cordeiros divulga resultado preliminar do Concurso P\u00fablico"},"content":{"rendered":"\n<p>A Prefeitura de S\u00e3o Jos\u00e9 dos Cordeiros, no estado da Para\u00edba, tamb\u00e9m divulgou nesta quarta-feira(13) por meio da Comiss\u00e3o Permanente de Concursos (CPCON), o resultado referente ao seu concurso p\u00fablico.<\/p>\n\n\n\n<p>Ao todo foram oferecidas 28 vagas para profissionais de todos os n\u00edveis de escolaridade e com vencimento variando de R$ 998,00 a R$ 12.188,00.<\/p>\n\n\n\n<p>O prazo de validade deste concurso p\u00fablico ser\u00e1 de dois anos, podendo haver prorroga\u00e7\u00e3o por igual per\u00edodo, a crit\u00e9rio da administra\u00e7\u00e3o p\u00fablica.<\/p>\n\n\n\n<p>Os candidatos podem conferir na p\u00e1gina da CPCON, atrav\u00e9s do link:&nbsp;<strong><a href=\"https:\/\/cpcon.uepb.edu.br\/concursos\/2019_PM_SAO_JOSE_DOS_CORDEIROS\/Atualizacao\/2019_pmsaojosedoscordeiros_resultado_preliminar.pdf\" target=\"_blank\" rel=\"noreferrer noopener\">CLICK AQUI<\/a><\/strong><\/p>\n\n\n\n<p>Para outras informa\u00e7\u00f5es sobre o concurso S\u00e3o Jos\u00e9 dos Cordeiros \u2013 PB, consulte o edital publicado no site da&nbsp;<a href=\"https:\/\/cpcon.uepb.edu.br\/concursos\/2019_PM_SAO_JOSE_DOS_CORDEIROS\/\" target=\"_blank\" rel=\"noreferrer noopener\">CPCON\/UEPB<\/a>.<br><\/p>\n","protected":false},"excerpt":{"rendered":"<p>A Prefeitura de S\u00e3o Jos\u00e9 dos Cordeiros, no estado da Para\u00edba, tamb\u00e9m divulgou nesta quarta-feira(13) por meio da Comiss\u00e3o Permanente de Concursos (CPCON), o resultado&hellip; <\/p>\n","protected":false},"author":1,"featured_media":97668,"comment_status":"closed","ping_status":"closed","sticky":false,"template":"","format":"standard","meta":{"sfsi_plus_gutenberg_text_before_share":"","sfsi_plus_gutenberg_show_text_before_share":"","sfsi_plus_gutenberg_icon_type":"","sfsi_plus_gutenberg_icon_alignemt":"","sfsi_plus_gutenburg_max_per_row":"","footnotes":""},"categories":[6],"tags":[],"class_list":["post-135394","post","type-post","status-publish","format-standard","has-post-thumbnail","hentry","category-cidades"],"_links":{"self":[{"href":"https:\/\/www.caririemacao.com\/1\/wp-json\/wp\/v2\/posts\/135394","targetHints":{"allow":["GET"]}}],"collection":[{"href":"https:\/\/www.caririemacao.com\/1\/wp-json\/wp\/v2\/posts"}],"about":[{"href":"https:\/\/www.caririemacao.com\/1\/wp-json\/wp\/v2\/types\/post"}],"author":[{"embeddable":true,"href":"https:\/\/www.caririemacao.com\/1\/wp-json\/wp\/v2\/users\/1"}],"replies":[{"embeddable":true,"href":"https:\/\/www.caririemacao.com\/1\/wp-json\/wp\/v2\/comments?post=135394"}],"version-history":[{"count":1,"href":"https:\/\/www.caririemacao.com\/1\/wp-json\/wp\/v2\/posts\/135394\/revisions"}],"predecessor-version":[{"id":135396,"href":"https:\/\/www.caririemacao.com\/1\/wp-json\/wp\/v2\/posts\/135394\/revisions\/135396"}],"wp:featuredmedia":[{"embeddable":true,"href":"https:\/\/www.caririemacao.com\/1\/wp-json\/wp\/v2\/media\/97668"}],"wp:attachment":[{"href":"https:\/\/www.caririemacao.com\/1\/wp-json\/wp\/v2\/media?parent=135394"}],"wp:term":[{"taxonomy":"category","embeddable":true,"href":"https:\/\/www.caririemacao.com\/1\/wp-json\/wp\/v2\/categories?post=135394"},{"taxonomy":"post_tag","embeddable":true,"href":"https:\/\/www.caririemacao.com\/1\/wp-json\/wp\/v2\/tags?post=135394"}],"curies":[{"name":"wp","href":"https:\/\/api.w.org\/{rel}","templated":true}]}}