{"id":135400,"date":"2019-11-14T13:22:40","date_gmt":"2019-11-14T16:22:40","guid":{"rendered":"http:\/\/www.caririemacao.com\/1\/?p=135400"},"modified":"2019-11-14T13:22:40","modified_gmt":"2019-11-14T16:22:40","slug":"joao-azevedo-veneziano-vital-e-edvaldo-rosas-deixam-executiva-do-psb","status":"publish","type":"post","link":"https:\/\/www.caririemacao.com\/1\/2019\/11\/14\/joao-azevedo-veneziano-vital-e-edvaldo-rosas-deixam-executiva-do-psb\/","title":{"rendered":"Jo\u00e3o Azev\u00eado, Veneziano Vital e Edvaldo Rosas deixam executiva do PSB"},"content":{"rendered":"\n<p>O governador Jo\u00e3o Azev\u00eado n\u00e3o faz mais parte da comiss\u00e3o provis\u00f3ria do PSB na Para\u00edba. A composi\u00e7\u00e3o partid\u00e1ria registrada no Tribunal Regional da Para\u00edba (TRE-PB) j\u00e1 n\u00e3o conta com o nome do governador do Estado. O senador Veneziano Vital e o secret\u00e1rio Chefe de Governo e ex-presidente da legenda, Edvaldo Rosas, tamb\u00e9m deixaram a comiss\u00e3o.<\/p>\n\n\n\n<p>Nas vagas deixadas pelos tr\u00eas entraram os deputados estaduais Buba Germano, Jeov\u00e1 Campos e Cida Ramos, nomes que sempre foram mais ligados ao ex-governador Ricardo Coutinho.<\/p>\n\n\n\n<p>Jo\u00e3o Azev\u00eado era o vice-presidente da comiss\u00e3o, fun\u00e7\u00e3o que agora \u00e9 ocupada pelo deputado federal Gerv\u00e1sio Maia. J\u00e1 Veneziano Vital era secret\u00e1rio-geral \u2013 cargo que ficou com Cida Ramos. Valqu\u00edria Alencar e Edvaldo Rosas eram secret\u00e1rios especiais, sendo substitu\u00eddos por Buba Germano e Jeov\u00e1 Campos.<\/p>\n\n\n\n<p>Veja como ficou a comiss\u00e3o provis\u00f3ria:<\/p>\n\n\n\n<p>Ricardo Coutinho: presidente<br>Gerv\u00e1sio Maia: vice-presidente<br>Cida Ramos: secret\u00e1ria-geral<br>Jeov\u00e1 Campos: secret\u00e1rio especial<br>Buba Germano: secret\u00e1rio especial<br>M\u00e1rcia Lucena: primeira secret\u00e1ria<br>F\u00e1bio Maia: secret\u00e1rio de Finan\u00e7as<\/p>\n\n\n\n<p><em>Com Click PB<\/em><\/p>\n","protected":false},"excerpt":{"rendered":"<p>O governador Jo\u00e3o Azev\u00eado n\u00e3o faz mais parte da comiss\u00e3o provis\u00f3ria do PSB na Para\u00edba. A composi\u00e7\u00e3o partid\u00e1ria registrada no Tribunal Regional da Para\u00edba (TRE-PB)&hellip; <\/p>\n","protected":false},"author":1,"featured_media":135403,"comment_status":"closed","ping_status":"closed","sticky":false,"template":"","format":"standard","meta":{"sfsi_plus_gutenberg_text_before_share":"","sfsi_plus_gutenberg_show_text_before_share":"","sfsi_plus_gutenberg_icon_type":"","sfsi_plus_gutenberg_icon_alignemt":"","sfsi_plus_gutenburg_max_per_row":"","footnotes":""},"categories":[11],"tags":[],"class_list":["post-135400","post","type-post","status-publish","format-standard","has-post-thumbnail","hentry","category-politica"],"_links":{"self":[{"href":"https:\/\/www.caririemacao.com\/1\/wp-json\/wp\/v2\/posts\/135400","targetHints":{"allow":["GET"]}}],"collection":[{"href":"https:\/\/www.caririemacao.com\/1\/wp-json\/wp\/v2\/posts"}],"about":[{"href":"https:\/\/www.caririemacao.com\/1\/wp-json\/wp\/v2\/types\/post"}],"author":[{"embeddable":true,"href":"https:\/\/www.caririemacao.com\/1\/wp-json\/wp\/v2\/users\/1"}],"replies":[{"embeddable":true,"href":"https:\/\/www.caririemacao.com\/1\/wp-json\/wp\/v2\/comments?post=135400"}],"version-history":[{"count":1,"href":"https:\/\/www.caririemacao.com\/1\/wp-json\/wp\/v2\/posts\/135400\/revisions"}],"predecessor-version":[{"id":135404,"href":"https:\/\/www.caririemacao.com\/1\/wp-json\/wp\/v2\/posts\/135400\/revisions\/135404"}],"wp:featuredmedia":[{"embeddable":true,"href":"https:\/\/www.caririemacao.com\/1\/wp-json\/wp\/v2\/media\/135403"}],"wp:attachment":[{"href":"https:\/\/www.caririemacao.com\/1\/wp-json\/wp\/v2\/media?parent=135400"}],"wp:term":[{"taxonomy":"category","embeddable":true,"href":"https:\/\/www.caririemacao.com\/1\/wp-json\/wp\/v2\/categories?post=135400"},{"taxonomy":"post_tag","embeddable":true,"href":"https:\/\/www.caririemacao.com\/1\/wp-json\/wp\/v2\/tags?post=135400"}],"curies":[{"name":"wp","href":"https:\/\/api.w.org\/{rel}","templated":true}]}}