{"id":135421,"date":"2019-11-14T13:30:16","date_gmt":"2019-11-14T16:30:16","guid":{"rendered":"http:\/\/www.caririemacao.com\/1\/?p=135421"},"modified":"2019-11-14T13:30:16","modified_gmt":"2019-11-14T16:30:16","slug":"otorrinolaringologista-explica-causas-e-tratamento-da-perda-auditiva","status":"publish","type":"post","link":"https:\/\/www.caririemacao.com\/1\/2019\/11\/14\/otorrinolaringologista-explica-causas-e-tratamento-da-perda-auditiva\/","title":{"rendered":"Otorrinolaringologista explica causas e tratamento da perda auditiva"},"content":{"rendered":"\n<p><br>Odiagn\u00f3stico de perdas auditivas tem aumentado de forma progressiva em todo o mundo. O otorrinolaringologista Carlos Diego afirmou que 180 mil paraibanos em m\u00e9dia sofrem com algum tipo de problema auditivo e citou que esse dado est\u00e1 dentro da incid\u00eancia nacional.<\/p>\n\n\n\n<p>Carlos destacou, em entrevista \u00e0 R\u00e1dio Caturit\u00e9 FM, que a principal causa de perda auditiva \u00e9 a idade, pois h\u00e1 o envelhecimento das c\u00e9lulas do corpo. Tamb\u00e9m disse que existem casos cong\u00eanitos, como infec\u00e7\u00f5es que podem levar \u00e0 perda auditiva, e tamb\u00e9m casos estimulados pelo uso cont\u00ednuo de fone de ouvido com grande intensidade sonora.<\/p>\n\n\n\n<figure class=\"wp-block-image\"><img decoding=\"async\" data-src=\"https:\/\/paraibaonline.com.br\/wp-content\/uploads\/2019\/11\/perdas-auditivas1411.jpg\" alt=\"Foto ilustrativa: Reprodu\u00e7\u00e3o\" class=\"wp-image-819151 lazyload\" src=\"data:image\/svg+xml;base64,PHN2ZyB3aWR0aD0iMSIgaGVpZ2h0PSIxIiB4bWxucz0iaHR0cDovL3d3dy53My5vcmcvMjAwMC9zdmciPjwvc3ZnPg==\" \/><\/figure>\n\n\n\n<p>Foto ilustrativa: Reprodu\u00e7\u00e3o<\/p>\n\n\n\n<p>\u2013 A perda auditiva \u00e9 uma coisa bastante comum, apesar de ser bem subjetiva. Muitas vezes a percep\u00e7\u00e3o \u00e9 feita a partir de uma pessoa da pr\u00f3pria casa ou do trabalho. A juventude de agora, quando estiver com 60 anos em 2050, vai aparecer os casos de perda auditiva induzida pela carga sonora excessiva na juventude \u2013 disse.<\/p>\n\n\n\n<p>O m\u00e9dico frisou que \u00e9 preciso que as pessoas se atentem para seus h\u00e1bitos, pois a carga sonora tem uma influ\u00eancia muito grande na audi\u00e7\u00e3o. Ele citou ainda que a perda auditiva causa zumbido, sensibilidade a qualquer n\u00edvel de som e sensa\u00e7\u00e3o de ouvido tapado.<\/p>\n\n\n\n<p>Segundo Carlos, as c\u00e9lulas do ouvido n\u00e3o s\u00e3o regenerativas e \u00e9 preciso que todo o cuidado seja tomado com o intuito de preserva\u00e7\u00e3o da audi\u00e7\u00e3o.<\/p>\n\n\n\n<p>Ele tamb\u00e9m disse que o tratamento \u00e9 feito atrav\u00e9s do aparelho auditivo, que ainda \u00e9 visto com preconceito pela popula\u00e7\u00e3o.<\/p>\n","protected":false},"excerpt":{"rendered":"<p>Odiagn\u00f3stico de perdas auditivas tem aumentado de forma progressiva em todo o mundo. O otorrinolaringologista Carlos Diego afirmou que 180 mil paraibanos em m\u00e9dia sofrem&hellip; <\/p>\n","protected":false},"author":1,"featured_media":135424,"comment_status":"closed","ping_status":"closed","sticky":false,"template":"","format":"standard","meta":{"sfsi_plus_gutenberg_text_before_share":"","sfsi_plus_gutenberg_show_text_before_share":"","sfsi_plus_gutenberg_icon_type":"","sfsi_plus_gutenberg_icon_alignemt":"","sfsi_plus_gutenburg_max_per_row":"","footnotes":""},"categories":[16],"tags":[],"class_list":["post-135421","post","type-post","status-publish","format-standard","has-post-thumbnail","hentry","category-saude"],"_links":{"self":[{"href":"https:\/\/www.caririemacao.com\/1\/wp-json\/wp\/v2\/posts\/135421","targetHints":{"allow":["GET"]}}],"collection":[{"href":"https:\/\/www.caririemacao.com\/1\/wp-json\/wp\/v2\/posts"}],"about":[{"href":"https:\/\/www.caririemacao.com\/1\/wp-json\/wp\/v2\/types\/post"}],"author":[{"embeddable":true,"href":"https:\/\/www.caririemacao.com\/1\/wp-json\/wp\/v2\/users\/1"}],"replies":[{"embeddable":true,"href":"https:\/\/www.caririemacao.com\/1\/wp-json\/wp\/v2\/comments?post=135421"}],"version-history":[{"count":1,"href":"https:\/\/www.caririemacao.com\/1\/wp-json\/wp\/v2\/posts\/135421\/revisions"}],"predecessor-version":[{"id":135425,"href":"https:\/\/www.caririemacao.com\/1\/wp-json\/wp\/v2\/posts\/135421\/revisions\/135425"}],"wp:featuredmedia":[{"embeddable":true,"href":"https:\/\/www.caririemacao.com\/1\/wp-json\/wp\/v2\/media\/135424"}],"wp:attachment":[{"href":"https:\/\/www.caririemacao.com\/1\/wp-json\/wp\/v2\/media?parent=135421"}],"wp:term":[{"taxonomy":"category","embeddable":true,"href":"https:\/\/www.caririemacao.com\/1\/wp-json\/wp\/v2\/categories?post=135421"},{"taxonomy":"post_tag","embeddable":true,"href":"https:\/\/www.caririemacao.com\/1\/wp-json\/wp\/v2\/tags?post=135421"}],"curies":[{"name":"wp","href":"https:\/\/api.w.org\/{rel}","templated":true}]}}