{"id":135430,"date":"2019-11-14T13:32:10","date_gmt":"2019-11-14T16:32:10","guid":{"rendered":"http:\/\/www.caririemacao.com\/1\/?p=135430"},"modified":"2019-11-14T13:32:10","modified_gmt":"2019-11-14T16:32:10","slug":"vasco-adia-chance-de-titulo-do-flamengo-em-jogo-com-festival-de-gols","status":"publish","type":"post","link":"https:\/\/www.caririemacao.com\/1\/2019\/11\/14\/vasco-adia-chance-de-titulo-do-flamengo-em-jogo-com-festival-de-gols\/","title":{"rendered":"Vasco adia chance de t\u00edtulo do Flamengo em jogo com \u00b4festival de gols\u00b4"},"content":{"rendered":"\n<p>Na partida isolada desta quarta-feira (13), o Vasco conquistou um empate contra o l\u00edder Flamengo, no Maracan\u00e3, por 4 a 4, em partida antecipada da 34\u00aa rodada do Campeonato Brasileiro.<\/p>\n\n\n\n<p>Foi apenas o segundo empate dos flamenguistas como mandantes neste Nacional. A equipe rubro-negra ainda n\u00e3o perdeu diante de sua torcida.<br>Com o empate diante dos vasca\u00ednos, o Fla perdeu as chances de comemorar o t\u00edtulo no pr\u00f3ximo domingo (17), o que s\u00f3 poderia acontecer em caso de vit\u00f3ria no cl\u00e1ssico e tamb\u00e9m no final de semana, contra o Gr\u00eamio.<\/p>\n\n\n\n<p>Se nem Palmeiras, vice-l\u00edder, nem Flamengo perderem suas pr\u00f3ximas partidas, os cariocas poder\u00e3o ser campe\u00f5es ao fim da 36\u00aa rodada, isto \u00e9, no dia 1\u00ba de dezembro, justamente quando as duas equipes se enfrentam.<\/p>\n\n\n\n<p>At\u00e9 l\u00e1, o time alviverde ir\u00e1 encarar Bahia, Gr\u00eamio e Fluminense. Os cariocas ter\u00e3o pela frente, al\u00e9m do j\u00e1 citado Gr\u00eamio, o Cear\u00e1 -e, neste meio tempo, a final da Libertadores contra o River Plate (ARG), que causou a antecipa\u00e7\u00e3o do cl\u00e1ssico contra o Vasco.<\/p>\n\n\n\n<p>Mano Menezes e Jorge Jesus se enfrentariam, ent\u00e3o, separados por oito pontos. Uma vit\u00f3ria do treinador brasileiro deixaria as duas equipes a quatro pontos de dist\u00e2ncia faltando dois jogos. Qualquer outro resultado, daria o t\u00edtulo ao portugu\u00eas.<\/p>\n\n\n\n<p>Os flamenguistas sa\u00edram na frente com menos de um minuto de jogo, com \u00c9verton Ribeiro.<\/p>\n\n\n\n<p>O Vasco empatou com Marrony e virou com Yago Pikachu, em cobran\u00e7a de p\u00eanalti. Rafinha contou com um desvio contra de Danilo, nos acr\u00e9scimos da etapa inicial, para levar o jogo para o intervalo com um empate.<\/p>\n\n\n\n<p>Aos 6min do segundo tempo, o Vasco voltou a ficar na frente, desta vez com Marcos J\u00fanior, mas dois gols de Bruno Henrique colocaram novamente os l\u00edderes do campeonato na frente.<\/p>\n\n\n\n<p>A vit\u00f3ria dos flamenguistas parecia encaminhada, at\u00e9 que, nos acr\u00e9scimos da partida, Ribamar empatou novamente e adiou a festa dos rubro-negros.<br>Ap\u00f3s o apito final, jogadores de ambos os times se desentenderam dentro de campo. O princ\u00edpio de briga, no entanto, foi contido pelos pr\u00f3prios atletas.<\/p>\n\n\n\n<p>Com o resultado, o Flamengo chegou aos 78 pontos. O Vasco, agora d\u00e9cimo colocado, soma 43.<\/p>\n\n\n\n<p>FLAMENGO<br>Diego Alves; Rafinha, Rodrigo Caio, Pablo Mar\u00ed e Filipe Lu\u00eds; Willian Ar\u00e3o, Gerson (Vitinho) e Everton Ribeiro; Reinier (Arrascaeta), Bruno Henrique e Gabigol. T.: Jorge Jesus<\/p>\n\n\n\n<p>VASCO<br>Fernando Miguel; Yago Pikachu, Oswaldo Henr\u00edquez, Ricardo Gra\u00e7a e Danilo Barcelos; Richard, Raul, Marcos J\u00fanior (Bruno C\u00e9sar) e Guar\u00edn; Rossi, e Marrony (Ribamar). T.: Vanderlei Luxemburgo<\/p>\n\n\n\n<p>Est\u00e1dio: Maracan\u00e3, no Rio de Janeiro<br>Juiz: Wilton Pereira Sampaio (GO)<br>Auxiliares: Fabricio Vilarinho da Silva e Bruno Raphael Pires (GO)<br>VAR: Bruno Arleu de Ara\u00fajo (RJ)<br>Cart\u00f5es amarelos: Filipe Lu\u00eds, Willian Ar\u00e3o, Gerson, Gabigol, Bruno Henrique e Rafinha (FLA); Yago Pikachu, Richard, Raul, Marrony e Rossi (VAS)<br>Cart\u00f5es vermelhos: Nenhum<br>Gols: Everton Ribeiro (FLA), aos 39seg, Marrony (VAS), aos 33min, Yago Pikachu (VAS), aos 36min, e Danilo Barcelos (contra, FLA), aos 39min do 1\u00ba tempo; Marcos J\u00fanior (VAS), aos 6min, Bruno Henrique (FLA), aos 20min e aos 34min, e Ribamar (VAS), aos 47min do 2\u00ba tempo<\/p>\n","protected":false},"excerpt":{"rendered":"<p>Na partida isolada desta quarta-feira (13), o Vasco conquistou um empate contra o l\u00edder Flamengo, no Maracan\u00e3, por 4 a 4, em partida antecipada da&hellip; <\/p>\n","protected":false},"author":1,"featured_media":135432,"comment_status":"closed","ping_status":"closed","sticky":false,"template":"","format":"standard","meta":{"sfsi_plus_gutenberg_text_before_share":"","sfsi_plus_gutenberg_show_text_before_share":"","sfsi_plus_gutenberg_icon_type":"","sfsi_plus_gutenberg_icon_alignemt":"","sfsi_plus_gutenburg_max_per_row":"","footnotes":""},"categories":[13],"tags":[],"class_list":["post-135430","post","type-post","status-publish","format-standard","has-post-thumbnail","hentry","category-esportes"],"_links":{"self":[{"href":"https:\/\/www.caririemacao.com\/1\/wp-json\/wp\/v2\/posts\/135430","targetHints":{"allow":["GET"]}}],"collection":[{"href":"https:\/\/www.caririemacao.com\/1\/wp-json\/wp\/v2\/posts"}],"about":[{"href":"https:\/\/www.caririemacao.com\/1\/wp-json\/wp\/v2\/types\/post"}],"author":[{"embeddable":true,"href":"https:\/\/www.caririemacao.com\/1\/wp-json\/wp\/v2\/users\/1"}],"replies":[{"embeddable":true,"href":"https:\/\/www.caririemacao.com\/1\/wp-json\/wp\/v2\/comments?post=135430"}],"version-history":[{"count":1,"href":"https:\/\/www.caririemacao.com\/1\/wp-json\/wp\/v2\/posts\/135430\/revisions"}],"predecessor-version":[{"id":135433,"href":"https:\/\/www.caririemacao.com\/1\/wp-json\/wp\/v2\/posts\/135430\/revisions\/135433"}],"wp:featuredmedia":[{"embeddable":true,"href":"https:\/\/www.caririemacao.com\/1\/wp-json\/wp\/v2\/media\/135432"}],"wp:attachment":[{"href":"https:\/\/www.caririemacao.com\/1\/wp-json\/wp\/v2\/media?parent=135430"}],"wp:term":[{"taxonomy":"category","embeddable":true,"href":"https:\/\/www.caririemacao.com\/1\/wp-json\/wp\/v2\/categories?post=135430"},{"taxonomy":"post_tag","embeddable":true,"href":"https:\/\/www.caririemacao.com\/1\/wp-json\/wp\/v2\/tags?post=135430"}],"curies":[{"name":"wp","href":"https:\/\/api.w.org\/{rel}","templated":true}]}}