{"id":135458,"date":"2019-11-14T15:20:15","date_gmt":"2019-11-14T18:20:15","guid":{"rendered":"http:\/\/www.caririemacao.com\/1\/?p=135458"},"modified":"2019-11-14T15:20:15","modified_gmt":"2019-11-14T18:20:15","slug":"gestao-confirma-programacao-do-camalau-cidade-natal-2019","status":"publish","type":"post","link":"https:\/\/www.caririemacao.com\/1\/2019\/11\/14\/gestao-confirma-programacao-do-camalau-cidade-natal-2019\/","title":{"rendered":"Gest\u00e3o confirma programa\u00e7\u00e3o do CAMALA\u00da CIDADE NATAL 2019"},"content":{"rendered":"\n<p>A Prefeitura Municipal de Camala\u00fa vai promover uma grande programa\u00e7\u00e3o at\u00e9 o Natal, denominada de do CAMALA\u00da CIDADE NATAL 2019.<br>A programa\u00e7\u00e3o consta de v\u00e1rias atividades, come\u00e7ando com a campanha de arrecada\u00e7\u00e3o de garrafas PET&nbsp;&nbsp;de 2 L, que vai at\u00e9 o dia 23 de Novembro.<br>No dia 11 de Dezembro, haver\u00e1 a abertura oficial das festividades natalinas na Pra\u00e7a de eventos.<br>No dia 13, ser\u00e1 a vez da abertura no distrito do Pindur\u00e3o.<br>No dia 23\/12 haver\u00e1 apresenta\u00e7\u00f5es natalinas com integrantes dos programas sociais.<br>J\u00e1 no dia 25\/12 ser\u00e1 a entrega dos presentes do Papai Noel na Pra\u00e7a de eventos<br>E no dia 26 acontece a entrega de presentes com o Papai Noel tamb\u00e9m no Distrito do Pindur\u00e3o.<br><strong>ARRECADA\u00c7\u00c3O DE GARRAFAS PET DE 2L<\/strong><\/p>\n\n\n\n<figure class=\"wp-block-image\"><a href=\"https:\/\/1.bp.blogspot.com\/-jTgn7_NGjMU\/Xc2M6NBuRkI\/AAAAAAAAG8E\/wIAKOc9I8bwQjnycJ36atQx2dgAf0u_YQCLcBGAsYHQ\/s1600\/Z.jpg\"><img decoding=\"async\" data-src=\"https:\/\/1.bp.blogspot.com\/-jTgn7_NGjMU\/Xc2M6NBuRkI\/AAAAAAAAG8E\/wIAKOc9I8bwQjnycJ36atQx2dgAf0u_YQCLcBGAsYHQ\/s280\/Z.jpg\" alt=\"\" src=\"data:image\/svg+xml;base64,PHN2ZyB3aWR0aD0iMSIgaGVpZ2h0PSIxIiB4bWxucz0iaHR0cDovL3d3dy53My5vcmcvMjAwMC9zdmciPjwvc3ZnPg==\" class=\"lazyload\" \/><\/a><\/figure>\n\n\n\n<p>A prefeitura de Camala\u00fa est\u00e1 promovendo uma grande campanha de arrecada\u00e7\u00e3o de garrafas PET de 2 litros no munic\u00edpio.<br>As doa\u00e7\u00f5es podem ser encaminhadas para seguintes pontos de arrecada\u00e7\u00e3o:<br>&#8211; Centro de Educa\u00e7\u00e3o e Cultura (antigo Clube Municipal)- De segunda a sexta- Manha e Tarde.- Canteiros da Avenida S\u00e3o Jos\u00e9<br>Lembrando que o maior colaborador com suas garrafas PET at\u00e9 o dia 23 de Novembro, ganhar\u00e1 uma completa e linda cesta de Natal, para incentivar ainda mais na campanha.<\/p>\n","protected":false},"excerpt":{"rendered":"<p>A Prefeitura Municipal de Camala\u00fa vai promover uma grande programa\u00e7\u00e3o at\u00e9 o Natal, denominada de do CAMALA\u00da CIDADE NATAL 2019.A programa\u00e7\u00e3o consta de v\u00e1rias atividades,&hellip; <\/p>\n","protected":false},"author":1,"featured_media":135462,"comment_status":"closed","ping_status":"closed","sticky":false,"template":"","format":"standard","meta":{"sfsi_plus_gutenberg_text_before_share":"","sfsi_plus_gutenberg_show_text_before_share":"","sfsi_plus_gutenberg_icon_type":"","sfsi_plus_gutenberg_icon_alignemt":"","sfsi_plus_gutenburg_max_per_row":"","footnotes":""},"categories":[2],"tags":[],"class_list":["post-135458","post","type-post","status-publish","format-standard","has-post-thumbnail","hentry","category-geral"],"_links":{"self":[{"href":"https:\/\/www.caririemacao.com\/1\/wp-json\/wp\/v2\/posts\/135458","targetHints":{"allow":["GET"]}}],"collection":[{"href":"https:\/\/www.caririemacao.com\/1\/wp-json\/wp\/v2\/posts"}],"about":[{"href":"https:\/\/www.caririemacao.com\/1\/wp-json\/wp\/v2\/types\/post"}],"author":[{"embeddable":true,"href":"https:\/\/www.caririemacao.com\/1\/wp-json\/wp\/v2\/users\/1"}],"replies":[{"embeddable":true,"href":"https:\/\/www.caririemacao.com\/1\/wp-json\/wp\/v2\/comments?post=135458"}],"version-history":[{"count":1,"href":"https:\/\/www.caririemacao.com\/1\/wp-json\/wp\/v2\/posts\/135458\/revisions"}],"predecessor-version":[{"id":135463,"href":"https:\/\/www.caririemacao.com\/1\/wp-json\/wp\/v2\/posts\/135458\/revisions\/135463"}],"wp:featuredmedia":[{"embeddable":true,"href":"https:\/\/www.caririemacao.com\/1\/wp-json\/wp\/v2\/media\/135462"}],"wp:attachment":[{"href":"https:\/\/www.caririemacao.com\/1\/wp-json\/wp\/v2\/media?parent=135458"}],"wp:term":[{"taxonomy":"category","embeddable":true,"href":"https:\/\/www.caririemacao.com\/1\/wp-json\/wp\/v2\/categories?post=135458"},{"taxonomy":"post_tag","embeddable":true,"href":"https:\/\/www.caririemacao.com\/1\/wp-json\/wp\/v2\/tags?post=135458"}],"curies":[{"name":"wp","href":"https:\/\/api.w.org\/{rel}","templated":true}]}}