{"id":135460,"date":"2019-11-14T14:11:53","date_gmt":"2019-11-14T17:11:53","guid":{"rendered":"http:\/\/www.caririemacao.com\/1\/?p=135460"},"modified":"2019-11-14T14:11:53","modified_gmt":"2019-11-14T17:11:53","slug":"eixo-leste-volta-a-ser-bombeada-e-paraiba-recebe-agua-da-transposicao-na-segunda-feira-diz-deputado-moacir","status":"publish","type":"post","link":"https:\/\/www.caririemacao.com\/1\/2019\/11\/14\/eixo-leste-volta-a-ser-bombeada-e-paraiba-recebe-agua-da-transposicao-na-segunda-feira-diz-deputado-moacir\/","title":{"rendered":"Eixo Leste volta a ser bombeada e Para\u00edba recebe \u00e1gua da Transposi\u00e7\u00e3o na Segunda-Feira; diz deputado Moacir"},"content":{"rendered":"\n<p>Em conversa com o Deputado Estadual Moacir Rodrigues, o Coordenador do Eixo Leste da Transposi\u00e7\u00e3o do Rio S\u00e3o Francisco, Tavares Junior, informou que a \u00e1gua da Transposi\u00e7\u00e3o chegou \u00e0 barragem de Barro Branco, que \u00e9 a \u00faltima barragem para chegar \u00e0 cidade de Monteiro na Para\u00edba. As \u00e1guas do velho chico, devem chegar a Para\u00edba em 5 dias.<\/p>\n\n\n\n<p>A informa\u00e7\u00e3o, confirma a promessa do Ministro do Desenvolvimento Regional, Gustavo Canuto e do Presidente Jair Bolsonaro que garantiram o bombeamento do Eixo Leste da Transposi\u00e7\u00e3o.<\/p>\n","protected":false},"excerpt":{"rendered":"<p>Em conversa com o Deputado Estadual Moacir Rodrigues, o Coordenador do Eixo Leste da Transposi\u00e7\u00e3o do Rio S\u00e3o Francisco, Tavares Junior, informou que a \u00e1gua&hellip; <\/p>\n","protected":false},"author":2,"featured_media":97186,"comment_status":"closed","ping_status":"closed","sticky":false,"template":"","format":"standard","meta":{"sfsi_plus_gutenberg_text_before_share":"","sfsi_plus_gutenberg_show_text_before_share":"","sfsi_plus_gutenberg_icon_type":"","sfsi_plus_gutenberg_icon_alignemt":"","sfsi_plus_gutenburg_max_per_row":"","footnotes":""},"categories":[50,11],"tags":[],"class_list":["post-135460","post","type-post","status-publish","format-standard","has-post-thumbnail","hentry","category-destaque","category-politica"],"_links":{"self":[{"href":"https:\/\/www.caririemacao.com\/1\/wp-json\/wp\/v2\/posts\/135460","targetHints":{"allow":["GET"]}}],"collection":[{"href":"https:\/\/www.caririemacao.com\/1\/wp-json\/wp\/v2\/posts"}],"about":[{"href":"https:\/\/www.caririemacao.com\/1\/wp-json\/wp\/v2\/types\/post"}],"author":[{"embeddable":true,"href":"https:\/\/www.caririemacao.com\/1\/wp-json\/wp\/v2\/users\/2"}],"replies":[{"embeddable":true,"href":"https:\/\/www.caririemacao.com\/1\/wp-json\/wp\/v2\/comments?post=135460"}],"version-history":[{"count":1,"href":"https:\/\/www.caririemacao.com\/1\/wp-json\/wp\/v2\/posts\/135460\/revisions"}],"predecessor-version":[{"id":135461,"href":"https:\/\/www.caririemacao.com\/1\/wp-json\/wp\/v2\/posts\/135460\/revisions\/135461"}],"wp:featuredmedia":[{"embeddable":true,"href":"https:\/\/www.caririemacao.com\/1\/wp-json\/wp\/v2\/media\/97186"}],"wp:attachment":[{"href":"https:\/\/www.caririemacao.com\/1\/wp-json\/wp\/v2\/media?parent=135460"}],"wp:term":[{"taxonomy":"category","embeddable":true,"href":"https:\/\/www.caririemacao.com\/1\/wp-json\/wp\/v2\/categories?post=135460"},{"taxonomy":"post_tag","embeddable":true,"href":"https:\/\/www.caririemacao.com\/1\/wp-json\/wp\/v2\/tags?post=135460"}],"curies":[{"name":"wp","href":"https:\/\/api.w.org\/{rel}","templated":true}]}}