{"id":135470,"date":"2019-11-14T15:23:30","date_gmt":"2019-11-14T18:23:30","guid":{"rendered":"http:\/\/www.caririemacao.com\/1\/?p=135470"},"modified":"2019-11-14T15:23:30","modified_gmt":"2019-11-14T18:23:30","slug":"professor-kiel-agradece-votacao-como-professor-referencia-2019","status":"publish","type":"post","link":"https:\/\/www.caririemacao.com\/1\/2019\/11\/14\/professor-kiel-agradece-votacao-como-professor-referencia-2019\/","title":{"rendered":"Professor Kiel agradece vota\u00e7\u00e3o como PROFESSOR REFERENCIA 2019"},"content":{"rendered":"\n<p> O professor Kiel S\u00f3stenes agradeceu \u00e0 todos os camalauenses que lembrara do seu nome na pesquisa do PREMIO REFERENCIA e que acabaram o elegendo como o\u00a0Professor Referencia de Camala\u00fa.<br>A pesquisa foi realizada junto \u00e0 popula\u00e7\u00e3o pelo site CARIRI EM A\u00c7\u00c3O, e o professor Kiel foi o mais votado pela 2\u00aa vez.<br>Confira o agradecimento do professor camalauense:<em><br>Quero atrav\u00e9s dessa nota, externar a minha gratid\u00e3o pela refer\u00eancia, pela segunda vez, ao meu nome como professor em meu munic\u00edpio atrav\u00e9s do Pr\u00eamio Refer\u00eancia 2019.<br>Tenho dedicado maior parte da minha vida ao trabalho incessante enquanto docente, pois sei que a educa\u00e7\u00e3o \u00e9 a principal ferramenta para promover a emancipa\u00e7\u00e3o e o desenvolvimento do nosso povo.<br>Para honrar a homenagem, me comprometo em continuar dedicando o meu tempo, as minhas energias e o meu conhecimento para oferecer o que h\u00e1 de melhor em mim enquanto profissional.<br>Um forte abra\u00e7o!Professor Kiel<\/em><\/p>\n","protected":false},"excerpt":{"rendered":"<p>O professor Kiel S\u00f3stenes agradeceu \u00e0 todos os camalauenses que lembrara do seu nome na pesquisa do PREMIO REFERENCIA e que acabaram o elegendo como&hellip; <\/p>\n","protected":false},"author":1,"featured_media":135472,"comment_status":"closed","ping_status":"closed","sticky":false,"template":"","format":"standard","meta":{"sfsi_plus_gutenberg_text_before_share":"","sfsi_plus_gutenberg_show_text_before_share":"","sfsi_plus_gutenberg_icon_type":"","sfsi_plus_gutenberg_icon_alignemt":"","sfsi_plus_gutenburg_max_per_row":"","footnotes":""},"categories":[2],"tags":[],"class_list":["post-135470","post","type-post","status-publish","format-standard","has-post-thumbnail","hentry","category-geral"],"_links":{"self":[{"href":"https:\/\/www.caririemacao.com\/1\/wp-json\/wp\/v2\/posts\/135470","targetHints":{"allow":["GET"]}}],"collection":[{"href":"https:\/\/www.caririemacao.com\/1\/wp-json\/wp\/v2\/posts"}],"about":[{"href":"https:\/\/www.caririemacao.com\/1\/wp-json\/wp\/v2\/types\/post"}],"author":[{"embeddable":true,"href":"https:\/\/www.caririemacao.com\/1\/wp-json\/wp\/v2\/users\/1"}],"replies":[{"embeddable":true,"href":"https:\/\/www.caririemacao.com\/1\/wp-json\/wp\/v2\/comments?post=135470"}],"version-history":[{"count":1,"href":"https:\/\/www.caririemacao.com\/1\/wp-json\/wp\/v2\/posts\/135470\/revisions"}],"predecessor-version":[{"id":135473,"href":"https:\/\/www.caririemacao.com\/1\/wp-json\/wp\/v2\/posts\/135470\/revisions\/135473"}],"wp:featuredmedia":[{"embeddable":true,"href":"https:\/\/www.caririemacao.com\/1\/wp-json\/wp\/v2\/media\/135472"}],"wp:attachment":[{"href":"https:\/\/www.caririemacao.com\/1\/wp-json\/wp\/v2\/media?parent=135470"}],"wp:term":[{"taxonomy":"category","embeddable":true,"href":"https:\/\/www.caririemacao.com\/1\/wp-json\/wp\/v2\/categories?post=135470"},{"taxonomy":"post_tag","embeddable":true,"href":"https:\/\/www.caririemacao.com\/1\/wp-json\/wp\/v2\/tags?post=135470"}],"curies":[{"name":"wp","href":"https:\/\/api.w.org\/{rel}","templated":true}]}}