{"id":135480,"date":"2019-11-14T15:25:49","date_gmt":"2019-11-14T18:25:49","guid":{"rendered":"http:\/\/www.caririemacao.com\/1\/?p=135480"},"modified":"2019-11-14T15:25:49","modified_gmt":"2019-11-14T18:25:49","slug":"adolescentes-sao-internados-apos-beberem-perfume-dentro-de-escola-na-pb","status":"publish","type":"post","link":"https:\/\/www.caririemacao.com\/1\/2019\/11\/14\/adolescentes-sao-internados-apos-beberem-perfume-dentro-de-escola-na-pb\/","title":{"rendered":"Adolescentes s\u00e3o internados ap\u00f3s beberem perfume dentro de escola na PB"},"content":{"rendered":"\n<p>Duas meninas e um rapaz deram entrada no Hospital de Trauma de Campina Grande na manh\u00e3 desta quinta-feira (14). Os adolescentes foram internados ap\u00f3s beberem perfume&nbsp;dentro da Escola P\u00fablica Nenzinha Cunha Lima, que fica localizada no bairro do Catol\u00e9.&nbsp;<\/p>\n\n\n\n<p>De acordo com a assessoria do Hospital, os jovens est\u00e3o internados na ala verde e o caso \u00e9 est\u00e1vel. Eles foram diagnosticados&nbsp;com um quadro de intoxica\u00e7\u00e3o&nbsp;e seguem internados.&nbsp;<\/p>\n\n\n\n<p>Segundo a pol\u00edcia, os jovens tem entre 17, 18 e 20 anos.&nbsp;<br><\/p>\n\n\n\n<p>A pol\u00edcia investiga quais o motivos que levaram os jovens a praticar o ato.&nbsp;<\/p>\n","protected":false},"excerpt":{"rendered":"<p>Duas meninas e um rapaz deram entrada no Hospital de Trauma de Campina Grande na manh\u00e3 desta quinta-feira (14). Os adolescentes foram internados ap\u00f3s beberem&hellip; <\/p>\n","protected":false},"author":1,"featured_media":135482,"comment_status":"closed","ping_status":"closed","sticky":false,"template":"","format":"standard","meta":{"sfsi_plus_gutenberg_text_before_share":"","sfsi_plus_gutenberg_show_text_before_share":"","sfsi_plus_gutenberg_icon_type":"","sfsi_plus_gutenberg_icon_alignemt":"","sfsi_plus_gutenburg_max_per_row":"","footnotes":""},"categories":[2],"tags":[],"class_list":["post-135480","post","type-post","status-publish","format-standard","has-post-thumbnail","hentry","category-geral"],"_links":{"self":[{"href":"https:\/\/www.caririemacao.com\/1\/wp-json\/wp\/v2\/posts\/135480","targetHints":{"allow":["GET"]}}],"collection":[{"href":"https:\/\/www.caririemacao.com\/1\/wp-json\/wp\/v2\/posts"}],"about":[{"href":"https:\/\/www.caririemacao.com\/1\/wp-json\/wp\/v2\/types\/post"}],"author":[{"embeddable":true,"href":"https:\/\/www.caririemacao.com\/1\/wp-json\/wp\/v2\/users\/1"}],"replies":[{"embeddable":true,"href":"https:\/\/www.caririemacao.com\/1\/wp-json\/wp\/v2\/comments?post=135480"}],"version-history":[{"count":1,"href":"https:\/\/www.caririemacao.com\/1\/wp-json\/wp\/v2\/posts\/135480\/revisions"}],"predecessor-version":[{"id":135483,"href":"https:\/\/www.caririemacao.com\/1\/wp-json\/wp\/v2\/posts\/135480\/revisions\/135483"}],"wp:featuredmedia":[{"embeddable":true,"href":"https:\/\/www.caririemacao.com\/1\/wp-json\/wp\/v2\/media\/135482"}],"wp:attachment":[{"href":"https:\/\/www.caririemacao.com\/1\/wp-json\/wp\/v2\/media?parent=135480"}],"wp:term":[{"taxonomy":"category","embeddable":true,"href":"https:\/\/www.caririemacao.com\/1\/wp-json\/wp\/v2\/categories?post=135480"},{"taxonomy":"post_tag","embeddable":true,"href":"https:\/\/www.caririemacao.com\/1\/wp-json\/wp\/v2\/tags?post=135480"}],"curies":[{"name":"wp","href":"https:\/\/api.w.org\/{rel}","templated":true}]}}