{"id":135499,"date":"2019-11-14T16:13:52","date_gmt":"2019-11-14T19:13:52","guid":{"rendered":"http:\/\/www.caririemacao.com\/1\/?p=135499"},"modified":"2019-11-14T16:13:52","modified_gmt":"2019-11-14T19:13:52","slug":"prefeito-adriano-wolff-vice-prefeito-e-vereadora-celinha-participam-de-reuniao-na-amcap-sobre-a-pec-que-propoe-a-extincao-de-municipios","status":"publish","type":"post","link":"https:\/\/www.caririemacao.com\/1\/2019\/11\/14\/prefeito-adriano-wolff-vice-prefeito-e-vereadora-celinha-participam-de-reuniao-na-amcap-sobre-a-pec-que-propoe-a-extincao-de-municipios\/","title":{"rendered":"Prefeito Adriano Wolff, vice prefeito e vereadora Celinha participam de reuni\u00e3o na AMCAP sobre a PEC que prop\u00f5e a extin\u00e7\u00e3o de munic\u00edpios"},"content":{"rendered":"\n<p>O Prefeito Adriano Wolff participou nesta quinta feira de reuni\u00e3o na AMCAP sobre a PEC que prop\u00f5e a extin\u00e7\u00e3o de munic\u00edpios.<br>O prefeito esteve ao lado do vice prefeito Chico de Mariano e da vereadora Celinha.<br>A reuni\u00e3o foi&nbsp;&nbsp;realizada no munic\u00edpio de Gurj\u00e3o, no Audit\u00f3rio \u2018In\u00e1cio Calu\u00eate\u2019.<br>Na regi\u00e3o do Cariri, 18 munic\u00edpios se encaixariam dentro da Proposta de Emenda \u00e0 Constitui\u00e7\u00e3o (PEC) do Pacto Federativo, que prev\u00ea que os munic\u00edpios com menos de 5 mil habitantes e arrecada\u00e7\u00e3o pr\u00f3pria inferior a 10% da receita total sejam incorporados pelos munic\u00edpios vizinhos e maiores.<br>\u201cAcho que o Cariri deu uma demonstra\u00e7\u00e3o do que deve ser seguido por todos os munic\u00edpios do Brasil e associa\u00e7\u00f5es, de que essa proposta do governo representa um atraso para o desenvolvimento. Podemos fazer uma simples compara\u00e7\u00e3o de quando nossos munic\u00edpios eram restritos e hoje\u201d, comentou Adriano.<br>\u201cMuita coisa melhorou e se desenvolveu como, sa\u00fade, educa\u00e7\u00e3o, esporte, desenvolvimento social, tudo avan\u00e7ou e n\u00e3o podemos deixar isso acontecer\u201d, continuou<br>\u201cContamos com nossos deputados e senadores para que possamos derrubar esse item da PEC logo nas comiss\u00f5es, pois esse projeto nasceu morto. S\u00e3o muito importantes estas mobiliza\u00e7\u00f5es para mostrar ao governo Federal que o povo n\u00e3o aceita esse absurdo atraso para o Brasil e estamos representando nossa popula\u00e7\u00e3o e o povo da Para\u00edba\u201d, afirmou o prefeito<br>\u201cVamos mobilizar todos os prefeitos, vice prefeitos e vereadores da Para\u00edba e Brasil para que possamos juntos dizer N\u00c3O a PEC que deseja \u00e0 extin\u00e7\u00e3o dos munic\u00edpios com menos de 5 mil habitantes\u201d, encerrou.<br>F\u00c1BIO BRITO<\/p>\n","protected":false},"excerpt":{"rendered":"<p>O Prefeito Adriano Wolff participou nesta quinta feira de reuni\u00e3o na AMCAP sobre a PEC que prop\u00f5e a extin\u00e7\u00e3o de munic\u00edpios.O prefeito esteve ao lado&hellip; <\/p>\n","protected":false},"author":1,"featured_media":135501,"comment_status":"closed","ping_status":"closed","sticky":false,"template":"","format":"standard","meta":{"sfsi_plus_gutenberg_text_before_share":"","sfsi_plus_gutenberg_show_text_before_share":"","sfsi_plus_gutenberg_icon_type":"","sfsi_plus_gutenberg_icon_alignemt":"","sfsi_plus_gutenburg_max_per_row":"","footnotes":""},"categories":[6],"tags":[],"class_list":["post-135499","post","type-post","status-publish","format-standard","has-post-thumbnail","hentry","category-cidades"],"_links":{"self":[{"href":"https:\/\/www.caririemacao.com\/1\/wp-json\/wp\/v2\/posts\/135499","targetHints":{"allow":["GET"]}}],"collection":[{"href":"https:\/\/www.caririemacao.com\/1\/wp-json\/wp\/v2\/posts"}],"about":[{"href":"https:\/\/www.caririemacao.com\/1\/wp-json\/wp\/v2\/types\/post"}],"author":[{"embeddable":true,"href":"https:\/\/www.caririemacao.com\/1\/wp-json\/wp\/v2\/users\/1"}],"replies":[{"embeddable":true,"href":"https:\/\/www.caririemacao.com\/1\/wp-json\/wp\/v2\/comments?post=135499"}],"version-history":[{"count":1,"href":"https:\/\/www.caririemacao.com\/1\/wp-json\/wp\/v2\/posts\/135499\/revisions"}],"predecessor-version":[{"id":135502,"href":"https:\/\/www.caririemacao.com\/1\/wp-json\/wp\/v2\/posts\/135499\/revisions\/135502"}],"wp:featuredmedia":[{"embeddable":true,"href":"https:\/\/www.caririemacao.com\/1\/wp-json\/wp\/v2\/media\/135501"}],"wp:attachment":[{"href":"https:\/\/www.caririemacao.com\/1\/wp-json\/wp\/v2\/media?parent=135499"}],"wp:term":[{"taxonomy":"category","embeddable":true,"href":"https:\/\/www.caririemacao.com\/1\/wp-json\/wp\/v2\/categories?post=135499"},{"taxonomy":"post_tag","embeddable":true,"href":"https:\/\/www.caririemacao.com\/1\/wp-json\/wp\/v2\/tags?post=135499"}],"curies":[{"name":"wp","href":"https:\/\/api.w.org\/{rel}","templated":true}]}}