{"id":135507,"date":"2019-11-14T16:16:19","date_gmt":"2019-11-14T19:16:19","guid":{"rendered":"http:\/\/www.caririemacao.com\/1\/?p=135507"},"modified":"2019-11-14T16:16:19","modified_gmt":"2019-11-14T19:16:19","slug":"prefeitura-de-sao-sebastiao-do-umbuzeiro-entrega-tablets-aos-ace-e-realiza-acoes-de-combate-a-dengue-zika-e-chicungunya","status":"publish","type":"post","link":"https:\/\/www.caririemacao.com\/1\/2019\/11\/14\/prefeitura-de-sao-sebastiao-do-umbuzeiro-entrega-tablets-aos-ace-e-realiza-acoes-de-combate-a-dengue-zika-e-chicungunya\/","title":{"rendered":"Prefeitura de S\u00e3o Sebasti\u00e3o do Umbuzeiro entrega tablets aos ACE e realiza a\u00e7\u00f5es de combate a Dengue, Zika e Chicungunya"},"content":{"rendered":"\n<p>A Prefeitura Municipal de S\u00e3o Sebasti\u00e3o do Umbuzeiro atrav\u00e9s da Secretaria Municipal de Sa\u00fade, realizou a\u00e7\u00f5es intersetoriais com os diversos segmentos da estrutura Municipal com intuito de buscar estrat\u00e9gias de enfrentamento as Arbovirose \u201cdengue, zika e Chicungunya<br>Estiveram presentes diretores das escolas municipais, secretaria de agricultura e infra-estrutura, equipe de vigil\u00e2ncia em sa\u00fade do munic\u00edpio, equipe aten\u00e7\u00e3o b\u00e1sica do Munic\u00edpio.<br>Para mediar as informa\u00e7\u00f5es acerca do assunto este presente o representante regional da FUNASA Jos\u00e9 Sales.<br>O secret\u00e1rio colocou na ocasi\u00e3o, a import\u00e2ncia de envolvimento de todos da sociedade civil na preven\u00e7\u00e3o das arboviroses e que essas a\u00e7\u00f5es dever\u00e3o ser constantes.<br>Por\u00e9m para que haja sucesso todos tem que fazer sua parte, n\u00e3o deixando existir e nem se proliferar criat\u00f3rios de larvas.<br>Na ocasi\u00e3o foi apresentado o perfil epidemiol\u00f3gico do munic\u00edpio e as a\u00e7\u00f5es realizadas durante o per\u00edodo de janeiro a setembro de 2019.<br>TABLETS PARA OS ACEs<br>Um outro marco foi a entrega de tablets aos ACE- Agentes Combates a Endemias, para melhor mapeamento das Arboviroses. Na ocasi\u00e3o tamb\u00e9m foram tra\u00e7ados planos de a\u00e7\u00e3o com cada segmento presente.<br>COM BLOG DO DIDI<\/p>\n","protected":false},"excerpt":{"rendered":"<p>A Prefeitura Municipal de S\u00e3o Sebasti\u00e3o do Umbuzeiro atrav\u00e9s da Secretaria Municipal de Sa\u00fade, realizou a\u00e7\u00f5es intersetoriais com os diversos segmentos da estrutura Municipal com&hellip; <\/p>\n","protected":false},"author":1,"featured_media":135509,"comment_status":"closed","ping_status":"closed","sticky":false,"template":"","format":"standard","meta":{"sfsi_plus_gutenberg_text_before_share":"","sfsi_plus_gutenberg_show_text_before_share":"","sfsi_plus_gutenberg_icon_type":"","sfsi_plus_gutenberg_icon_alignemt":"","sfsi_plus_gutenburg_max_per_row":"","footnotes":""},"categories":[2],"tags":[],"class_list":["post-135507","post","type-post","status-publish","format-standard","has-post-thumbnail","hentry","category-geral"],"_links":{"self":[{"href":"https:\/\/www.caririemacao.com\/1\/wp-json\/wp\/v2\/posts\/135507","targetHints":{"allow":["GET"]}}],"collection":[{"href":"https:\/\/www.caririemacao.com\/1\/wp-json\/wp\/v2\/posts"}],"about":[{"href":"https:\/\/www.caririemacao.com\/1\/wp-json\/wp\/v2\/types\/post"}],"author":[{"embeddable":true,"href":"https:\/\/www.caririemacao.com\/1\/wp-json\/wp\/v2\/users\/1"}],"replies":[{"embeddable":true,"href":"https:\/\/www.caririemacao.com\/1\/wp-json\/wp\/v2\/comments?post=135507"}],"version-history":[{"count":1,"href":"https:\/\/www.caririemacao.com\/1\/wp-json\/wp\/v2\/posts\/135507\/revisions"}],"predecessor-version":[{"id":135510,"href":"https:\/\/www.caririemacao.com\/1\/wp-json\/wp\/v2\/posts\/135507\/revisions\/135510"}],"wp:featuredmedia":[{"embeddable":true,"href":"https:\/\/www.caririemacao.com\/1\/wp-json\/wp\/v2\/media\/135509"}],"wp:attachment":[{"href":"https:\/\/www.caririemacao.com\/1\/wp-json\/wp\/v2\/media?parent=135507"}],"wp:term":[{"taxonomy":"category","embeddable":true,"href":"https:\/\/www.caririemacao.com\/1\/wp-json\/wp\/v2\/categories?post=135507"},{"taxonomy":"post_tag","embeddable":true,"href":"https:\/\/www.caririemacao.com\/1\/wp-json\/wp\/v2\/tags?post=135507"}],"curies":[{"name":"wp","href":"https:\/\/api.w.org\/{rel}","templated":true}]}}