{"id":135532,"date":"2019-11-14T19:55:03","date_gmt":"2019-11-14T22:55:03","guid":{"rendered":"http:\/\/www.caririemacao.com\/1\/?p=135532"},"modified":"2019-11-14T20:14:08","modified_gmt":"2019-11-14T23:14:08","slug":"135532","status":"publish","type":"post","link":"https:\/\/www.caririemacao.com\/1\/2019\/11\/14\/135532\/","title":{"rendered":"Faculdade Vale do Paje\u00fa anuncia mais cursos em S\u00e3o Jos\u00e9 do Egito e cria\u00e7\u00e3o de campus em Bezerros\/PE"},"content":{"rendered":"\n<p>A Faculdade Vale do Paje\u00fa n\u00e3o para de crescer e o campus sediado\nem S\u00e3o Jos\u00e9 do Egito est\u00e1 implantando mais tr\u00eas novos cursos para o segundo\nsemestre de 2020.<\/p>\n\n\n\n<p>Segundo o empres\u00e1rio e diretor geral da FVP, Cleonildo Lopes\n(Paim), a faculdade estar\u00e1 disponibilizando os cursos de Odontologia, Medicina Veterin\u00e1ria\ne Psicologia, bem como, mais uma unidade, desta vez na cidade de Bezerros,\nsert\u00e3o pernambucano. O diretor explicou que o campus de Bezerros contar\u00e1 com 7\nnovos cursos. <\/p>\n\n\n\n<p>Ele tamb\u00e9m agradeceu a parceria com o prefeito de Bezerro,\nDr. Breno Borba, o secret\u00e1rio de planejamento, Dr. Marconi Andrade, e ao diretor\ndo campus, Dr. Murilo Rocha.<\/p>\n\n\n\n<p>\u201cN\u00e3o perca tempo venha fazer nosso vestibular tradicional e agendado para o primeiro semestre de 2020, na FVP o seu futuro \u00e9 garantido\u201d, comentou  Cleonildo Lopes (Paim) .<\/p>\n","protected":false},"excerpt":{"rendered":"<p>A Faculdade Vale do Paje\u00fa n\u00e3o para de crescer e o campus sediado em S\u00e3o Jos\u00e9 do Egito est\u00e1 implantando mais tr\u00eas novos cursos para&hellip; <\/p>\n","protected":false},"author":2,"featured_media":135533,"comment_status":"closed","ping_status":"closed","sticky":false,"template":"","format":"standard","meta":{"sfsi_plus_gutenberg_text_before_share":"","sfsi_plus_gutenberg_show_text_before_share":"","sfsi_plus_gutenberg_icon_type":"","sfsi_plus_gutenberg_icon_alignemt":"","sfsi_plus_gutenburg_max_per_row":"","footnotes":""},"categories":[50,14],"tags":[],"class_list":["post-135532","post","type-post","status-publish","format-standard","has-post-thumbnail","hentry","category-destaque","category-educacao"],"_links":{"self":[{"href":"https:\/\/www.caririemacao.com\/1\/wp-json\/wp\/v2\/posts\/135532","targetHints":{"allow":["GET"]}}],"collection":[{"href":"https:\/\/www.caririemacao.com\/1\/wp-json\/wp\/v2\/posts"}],"about":[{"href":"https:\/\/www.caririemacao.com\/1\/wp-json\/wp\/v2\/types\/post"}],"author":[{"embeddable":true,"href":"https:\/\/www.caririemacao.com\/1\/wp-json\/wp\/v2\/users\/2"}],"replies":[{"embeddable":true,"href":"https:\/\/www.caririemacao.com\/1\/wp-json\/wp\/v2\/comments?post=135532"}],"version-history":[{"count":3,"href":"https:\/\/www.caririemacao.com\/1\/wp-json\/wp\/v2\/posts\/135532\/revisions"}],"predecessor-version":[{"id":135539,"href":"https:\/\/www.caririemacao.com\/1\/wp-json\/wp\/v2\/posts\/135532\/revisions\/135539"}],"wp:featuredmedia":[{"embeddable":true,"href":"https:\/\/www.caririemacao.com\/1\/wp-json\/wp\/v2\/media\/135533"}],"wp:attachment":[{"href":"https:\/\/www.caririemacao.com\/1\/wp-json\/wp\/v2\/media?parent=135532"}],"wp:term":[{"taxonomy":"category","embeddable":true,"href":"https:\/\/www.caririemacao.com\/1\/wp-json\/wp\/v2\/categories?post=135532"},{"taxonomy":"post_tag","embeddable":true,"href":"https:\/\/www.caririemacao.com\/1\/wp-json\/wp\/v2\/tags?post=135532"}],"curies":[{"name":"wp","href":"https:\/\/api.w.org\/{rel}","templated":true}]}}