{"id":135544,"date":"2019-11-15T06:47:31","date_gmt":"2019-11-15T09:47:31","guid":{"rendered":"http:\/\/www.caririemacao.com\/1\/?p=135544"},"modified":"2019-11-15T06:50:10","modified_gmt":"2019-11-15T09:50:10","slug":"camara-de-sume-se-reune-e-aprova-projetos-e-requerimentos","status":"publish","type":"post","link":"https:\/\/www.caririemacao.com\/1\/2019\/11\/15\/camara-de-sume-se-reune-e-aprova-projetos-e-requerimentos\/","title":{"rendered":"C\u00e2mara de Sum\u00e9 se re\u00fane e aprecia projetos e requerimentos"},"content":{"rendered":"\n<p>Na noite desta quarta-feira (13), a C\u00e2mara de Vereadores de Sum\u00e9, esteve reunida, na ocasi\u00e3o foram aprovados projetos e requerimentos. A sess\u00e3o foi  presidida pelo vice-presidente Nilson das seis casas que substituiu o presidente Bomba, que n\u00e3o pode participar por quest\u00f5es de sa\u00fade. <\/p>\n\n\n\n<p>Os vereadores tiveram conhecimento do Projeto de Lei n\u00famero 565 de 2019 que disp\u00f5e sore o Sistema Municipal do Meio Ambiente. O PL foi encaminhado para as comiss\u00f5es.<\/p>\n\n\n\n<p>Foi encaminhado as comiss\u00f5es o\nProjeto de Lei de n\u00famero 552 de 2019, que institui o Programa de Recupera\u00e7\u00e3o de\nReceitas do Munic\u00edpio de Sum\u00e9. O PL \u00e9 valido para os cr\u00e9ditos fiscais da\nFazenda do Munic\u00edpio at\u00e9 o dia 31 de dezembro de 2019 e relativos ao Imposto\nsobre a propriedade Predial e Territorial Urbana-IPTU. Os cr\u00e9ditos tribut\u00e1rios\npoder\u00e3o ser parcelados em at\u00e9 24 vezes.<\/p>\n\n\n\n<p>De acordo com o Projeto de Lei\nter\u00e1 o desconto de 100% em rela\u00e7\u00e3o aos juros e das multas no pagamento a vista\ne desconto de 97,5% a ser realizado em rela\u00e7\u00e3o ao valor de juros e multas para\no pagamento em at\u00e9 24 vezes. O valor m\u00ednimo da parcela ser\u00e1 de 50 reais para\npessoa f\u00edsica e 100 reais para pessoa f\u00edsica.<\/p>\n\n\n\n<p>J\u00e1 o Projeto de Lei 553 de 2019 que cria O fundo Municipal dos Direitos das Crian\u00e7as e Adolescentes foi  encaminhado as comiss\u00f5es .<\/p>\n\n\n\n<p>Outro importante projeto apresentado aos vereadores foi o Projeto de Lei 551 de 2019, que disp\u00f5e sobre a cria\u00e7\u00e3o do cargo de Gerente de Unidade B\u00e1sica da Sa\u00fade. Ele foi encaminhado as comiss\u00f5es. <\/p>\n\n\n\n<p>Ascom- C\u00e2mara<\/p>\n","protected":false},"excerpt":{"rendered":"<p>Na noite desta quarta-feira (13), a C\u00e2mara de Vereadores de Sum\u00e9, esteve reunida, na ocasi\u00e3o foram aprovados projetos e requerimentos. A sess\u00e3o foi presidida pelo&hellip; <\/p>\n","protected":false},"author":2,"featured_media":135545,"comment_status":"closed","ping_status":"closed","sticky":false,"template":"","format":"standard","meta":{"sfsi_plus_gutenberg_text_before_share":"","sfsi_plus_gutenberg_show_text_before_share":"","sfsi_plus_gutenberg_icon_type":"","sfsi_plus_gutenberg_icon_alignemt":"","sfsi_plus_gutenburg_max_per_row":"","footnotes":""},"categories":[50,2],"tags":[],"class_list":["post-135544","post","type-post","status-publish","format-standard","has-post-thumbnail","hentry","category-destaque","category-geral"],"_links":{"self":[{"href":"https:\/\/www.caririemacao.com\/1\/wp-json\/wp\/v2\/posts\/135544","targetHints":{"allow":["GET"]}}],"collection":[{"href":"https:\/\/www.caririemacao.com\/1\/wp-json\/wp\/v2\/posts"}],"about":[{"href":"https:\/\/www.caririemacao.com\/1\/wp-json\/wp\/v2\/types\/post"}],"author":[{"embeddable":true,"href":"https:\/\/www.caririemacao.com\/1\/wp-json\/wp\/v2\/users\/2"}],"replies":[{"embeddable":true,"href":"https:\/\/www.caririemacao.com\/1\/wp-json\/wp\/v2\/comments?post=135544"}],"version-history":[{"count":3,"href":"https:\/\/www.caririemacao.com\/1\/wp-json\/wp\/v2\/posts\/135544\/revisions"}],"predecessor-version":[{"id":135548,"href":"https:\/\/www.caririemacao.com\/1\/wp-json\/wp\/v2\/posts\/135544\/revisions\/135548"}],"wp:featuredmedia":[{"embeddable":true,"href":"https:\/\/www.caririemacao.com\/1\/wp-json\/wp\/v2\/media\/135545"}],"wp:attachment":[{"href":"https:\/\/www.caririemacao.com\/1\/wp-json\/wp\/v2\/media?parent=135544"}],"wp:term":[{"taxonomy":"category","embeddable":true,"href":"https:\/\/www.caririemacao.com\/1\/wp-json\/wp\/v2\/categories?post=135544"},{"taxonomy":"post_tag","embeddable":true,"href":"https:\/\/www.caririemacao.com\/1\/wp-json\/wp\/v2\/tags?post=135544"}],"curies":[{"name":"wp","href":"https:\/\/api.w.org\/{rel}","templated":true}]}}