{"id":135549,"date":"2019-11-15T07:07:54","date_gmt":"2019-11-15T10:07:54","guid":{"rendered":"http:\/\/www.caririemacao.com\/1\/?p=135549"},"modified":"2019-11-15T07:07:54","modified_gmt":"2019-11-15T10:07:54","slug":"camara-de-sume-promove-audiencia-para-debater-loa-2020-com-conselheiros-do-odm","status":"publish","type":"post","link":"https:\/\/www.caririemacao.com\/1\/2019\/11\/15\/camara-de-sume-promove-audiencia-para-debater-loa-2020-com-conselheiros-do-odm\/","title":{"rendered":"C\u00e2mara de Sum\u00e9 promove audi\u00eancia para debater LOA 2020 com conselheiros do ODM"},"content":{"rendered":"\n<p>Na noite desta quarta-feira (13), a C\u00e2mara de Vereadores de Sum\u00e9 esteve reunida, na ocasi\u00e3o foram aprovados projetos e requerimentos.<\/p>\n\n\n\n<figure class=\"wp-block-image\"><img fetchpriority=\"high\" decoding=\"async\" width=\"1024\" height=\"678\" src=\"http:\/\/www.caririemacao.com\/1\/wp-content\/uploads\/2019\/11\/DSC_0793-1024x678.jpg\" alt=\"\" class=\"wp-image-135552\" srcset=\"https:\/\/www.caririemacao.com\/1\/wp-content\/uploads\/2019\/11\/DSC_0793-1024x678.jpg 1024w, https:\/\/www.caririemacao.com\/1\/wp-content\/uploads\/2019\/11\/DSC_0793-300x199.jpg 300w, https:\/\/www.caririemacao.com\/1\/wp-content\/uploads\/2019\/11\/DSC_0793-768x509.jpg 768w, https:\/\/www.caririemacao.com\/1\/wp-content\/uploads\/2019\/11\/DSC_0793.jpg 1280w\" sizes=\"(max-width: 1024px) 100vw, 1024px\" \/><\/figure>\n\n\n\n<p>Ap\u00f3s a reuni\u00e3o aconteceu uma audi\u00eancia p\u00fablica para discutir a Lei Or\u00e7amentaria Anual, com a presen\u00e7a dos Conselheiros do Or\u00e7amento Democr\u00e1tico, que estiveram defendendo as solicita\u00e7\u00f5es da popula\u00e7\u00e3o durante as plen\u00e1rias que aconteceram no munic\u00edpio.<\/p>\n\n\n\n<figure class=\"wp-block-image\"><img decoding=\"async\" width=\"1024\" height=\"678\" data-src=\"http:\/\/www.caririemacao.com\/1\/wp-content\/uploads\/2019\/11\/DSC_0823-1024x678.jpg\" alt=\"\" class=\"wp-image-135551 lazyload\" data-srcset=\"https:\/\/www.caririemacao.com\/1\/wp-content\/uploads\/2019\/11\/DSC_0823-1024x678.jpg 1024w, https:\/\/www.caririemacao.com\/1\/wp-content\/uploads\/2019\/11\/DSC_0823-300x199.jpg 300w, https:\/\/www.caririemacao.com\/1\/wp-content\/uploads\/2019\/11\/DSC_0823-768x509.jpg 768w, https:\/\/www.caririemacao.com\/1\/wp-content\/uploads\/2019\/11\/DSC_0823.jpg 1280w\" data-sizes=\"(max-width: 1024px) 100vw, 1024px\" src=\"data:image\/svg+xml;base64,PHN2ZyB3aWR0aD0iMSIgaGVpZ2h0PSIxIiB4bWxucz0iaHR0cDovL3d3dy53My5vcmcvMjAwMC9zdmciPjwvc3ZnPg==\" style=\"--smush-placeholder-width: 1024px; --smush-placeholder-aspect-ratio: 1024\/678;\" \/><\/figure>\n\n\n\n<p>Foram defendidas pelos conselheiros as demandas sistematizadas pelo CMOD (Conselho do Or\u00e7amento Democr\u00e1tico de Sum\u00e9). Para isso, o pr\u00f3prio CMOD escolheu seus representantes para representar na tribuna da C\u00e2mara Municipal.<\/p>\n\n\n\n<figure class=\"wp-block-image\"><img decoding=\"async\" width=\"1024\" height=\"678\" data-src=\"http:\/\/www.caririemacao.com\/1\/wp-content\/uploads\/2019\/11\/DSC_0813-1024x678.jpg\" alt=\"\" class=\"wp-image-135553 lazyload\" data-srcset=\"https:\/\/www.caririemacao.com\/1\/wp-content\/uploads\/2019\/11\/DSC_0813-1024x678.jpg 1024w, https:\/\/www.caririemacao.com\/1\/wp-content\/uploads\/2019\/11\/DSC_0813-300x199.jpg 300w, https:\/\/www.caririemacao.com\/1\/wp-content\/uploads\/2019\/11\/DSC_0813-768x509.jpg 768w, https:\/\/www.caririemacao.com\/1\/wp-content\/uploads\/2019\/11\/DSC_0813.jpg 1280w\" data-sizes=\"(max-width: 1024px) 100vw, 1024px\" src=\"data:image\/svg+xml;base64,PHN2ZyB3aWR0aD0iMSIgaGVpZ2h0PSIxIiB4bWxucz0iaHR0cDovL3d3dy53My5vcmcvMjAwMC9zdmciPjwvc3ZnPg==\" style=\"--smush-placeholder-width: 1024px; --smush-placeholder-aspect-ratio: 1024\/678;\" \/><\/figure>\n\n\n\n<p>Estiveram fazendo as defesas, os conselheiros, Anildo Anizio, Wanderley Paulo e Wilson do Pio X. Ainda teve a participa\u00e7\u00e3o do presidente do CMOD Artur Torres e do coordenador do Or\u00e7amento Democr\u00e1tico Municipal, Marivaldo Alc\u00e2ntara.<\/p>\n\n\n\n<p>Ascom- C\u00e2mara<\/p>\n","protected":false},"excerpt":{"rendered":"<p>Na noite desta quarta-feira (13), a C\u00e2mara de Vereadores de Sum\u00e9 esteve reunida, na ocasi\u00e3o foram aprovados projetos e requerimentos. Ap\u00f3s a reuni\u00e3o aconteceu uma&hellip; <\/p>\n","protected":false},"author":2,"featured_media":135550,"comment_status":"closed","ping_status":"closed","sticky":false,"template":"","format":"standard","meta":{"sfsi_plus_gutenberg_text_before_share":"","sfsi_plus_gutenberg_show_text_before_share":"","sfsi_plus_gutenberg_icon_type":"","sfsi_plus_gutenberg_icon_alignemt":"","sfsi_plus_gutenburg_max_per_row":"","footnotes":""},"categories":[50,2],"tags":[],"class_list":["post-135549","post","type-post","status-publish","format-standard","has-post-thumbnail","hentry","category-destaque","category-geral"],"_links":{"self":[{"href":"https:\/\/www.caririemacao.com\/1\/wp-json\/wp\/v2\/posts\/135549","targetHints":{"allow":["GET"]}}],"collection":[{"href":"https:\/\/www.caririemacao.com\/1\/wp-json\/wp\/v2\/posts"}],"about":[{"href":"https:\/\/www.caririemacao.com\/1\/wp-json\/wp\/v2\/types\/post"}],"author":[{"embeddable":true,"href":"https:\/\/www.caririemacao.com\/1\/wp-json\/wp\/v2\/users\/2"}],"replies":[{"embeddable":true,"href":"https:\/\/www.caririemacao.com\/1\/wp-json\/wp\/v2\/comments?post=135549"}],"version-history":[{"count":1,"href":"https:\/\/www.caririemacao.com\/1\/wp-json\/wp\/v2\/posts\/135549\/revisions"}],"predecessor-version":[{"id":135554,"href":"https:\/\/www.caririemacao.com\/1\/wp-json\/wp\/v2\/posts\/135549\/revisions\/135554"}],"wp:featuredmedia":[{"embeddable":true,"href":"https:\/\/www.caririemacao.com\/1\/wp-json\/wp\/v2\/media\/135550"}],"wp:attachment":[{"href":"https:\/\/www.caririemacao.com\/1\/wp-json\/wp\/v2\/media?parent=135549"}],"wp:term":[{"taxonomy":"category","embeddable":true,"href":"https:\/\/www.caririemacao.com\/1\/wp-json\/wp\/v2\/categories?post=135549"},{"taxonomy":"post_tag","embeddable":true,"href":"https:\/\/www.caririemacao.com\/1\/wp-json\/wp\/v2\/tags?post=135549"}],"curies":[{"name":"wp","href":"https:\/\/api.w.org\/{rel}","templated":true}]}}