{"id":135555,"date":"2019-11-15T07:23:18","date_gmt":"2019-11-15T10:23:18","guid":{"rendered":"http:\/\/www.caririemacao.com\/1\/?p=135555"},"modified":"2019-11-15T07:23:18","modified_gmt":"2019-11-15T10:23:18","slug":"xanda-agradece-indicacao-como-melhor-vereador-de-coxixola","status":"publish","type":"post","link":"https:\/\/www.caririemacao.com\/1\/2019\/11\/15\/xanda-agradece-indicacao-como-melhor-vereador-de-coxixola\/","title":{"rendered":"Xanda agradece indica\u00e7\u00e3o como melhor vereador de Coxixola"},"content":{"rendered":"\n<p>O vereador coxixolense, Alixandre da Silva Neves (Xanda) comemorou o resultado da pesquisa do Cariri em A\u00e7\u00e3o e agradeceu a popula\u00e7\u00e3o pela escolha como VEREADOR MAIS ATUANTE do munic\u00edpio de Coxixola em 2019. <\/p>\n\n\n\n<p>Xanda, inclusive, j\u00e1 confirmou presen\u00e7a na cerim\u00f4nia de Premia\u00e7\u00e3o do PR\u00caMIO REFER\u00caNCIA promovido pelo site CARIRI EM A\u00c7\u00c3O que acontece dia 07 de dezembro em Monteiro\/PB.<\/p>\n\n\n\n<p>Ele destacou que o PR\u00caMIO REFER\u00caNCIA \u00e9 um dos pr\u00eamios de maior credibilidade do interior da Para\u00edba, pois \u00e9 realizado diretamente nos munic\u00edpios, consultando o povo, atrav\u00e9s de aplica\u00e7\u00e3o de question\u00e1rios em 24 munic\u00edpios da regi\u00e3o.<\/p>\n","protected":false},"excerpt":{"rendered":"<p>O vereador coxixolense, Alixandre da Silva Neves (Xanda) comemorou o resultado da pesquisa do Cariri em A\u00e7\u00e3o e agradeceu a popula\u00e7\u00e3o pela escolha como VEREADOR&hellip; <\/p>\n","protected":false},"author":2,"featured_media":135568,"comment_status":"closed","ping_status":"closed","sticky":false,"template":"","format":"standard","meta":{"sfsi_plus_gutenberg_text_before_share":"","sfsi_plus_gutenberg_show_text_before_share":"","sfsi_plus_gutenberg_icon_type":"","sfsi_plus_gutenberg_icon_alignemt":"","sfsi_plus_gutenburg_max_per_row":"","footnotes":""},"categories":[50,11],"tags":[],"class_list":["post-135555","post","type-post","status-publish","format-standard","has-post-thumbnail","hentry","category-destaque","category-politica"],"_links":{"self":[{"href":"https:\/\/www.caririemacao.com\/1\/wp-json\/wp\/v2\/posts\/135555","targetHints":{"allow":["GET"]}}],"collection":[{"href":"https:\/\/www.caririemacao.com\/1\/wp-json\/wp\/v2\/posts"}],"about":[{"href":"https:\/\/www.caririemacao.com\/1\/wp-json\/wp\/v2\/types\/post"}],"author":[{"embeddable":true,"href":"https:\/\/www.caririemacao.com\/1\/wp-json\/wp\/v2\/users\/2"}],"replies":[{"embeddable":true,"href":"https:\/\/www.caririemacao.com\/1\/wp-json\/wp\/v2\/comments?post=135555"}],"version-history":[{"count":1,"href":"https:\/\/www.caririemacao.com\/1\/wp-json\/wp\/v2\/posts\/135555\/revisions"}],"predecessor-version":[{"id":135579,"href":"https:\/\/www.caririemacao.com\/1\/wp-json\/wp\/v2\/posts\/135555\/revisions\/135579"}],"wp:featuredmedia":[{"embeddable":true,"href":"https:\/\/www.caririemacao.com\/1\/wp-json\/wp\/v2\/media\/135568"}],"wp:attachment":[{"href":"https:\/\/www.caririemacao.com\/1\/wp-json\/wp\/v2\/media?parent=135555"}],"wp:term":[{"taxonomy":"category","embeddable":true,"href":"https:\/\/www.caririemacao.com\/1\/wp-json\/wp\/v2\/categories?post=135555"},{"taxonomy":"post_tag","embeddable":true,"href":"https:\/\/www.caririemacao.com\/1\/wp-json\/wp\/v2\/tags?post=135555"}],"curies":[{"name":"wp","href":"https:\/\/api.w.org\/{rel}","templated":true}]}}