{"id":135556,"date":"2019-11-15T07:18:50","date_gmt":"2019-11-15T10:18:50","guid":{"rendered":"http:\/\/www.caririemacao.com\/1\/?p=135556"},"modified":"2019-11-15T07:18:50","modified_gmt":"2019-11-15T10:18:50","slug":"bandidos-invadem-residencia-e-fazem-familia-de-refem-no-bessa","status":"publish","type":"post","link":"https:\/\/www.caririemacao.com\/1\/2019\/11\/15\/bandidos-invadem-residencia-e-fazem-familia-de-refem-no-bessa\/","title":{"rendered":"Bandidos invadem resid\u00eancia e fazem fam\u00edlia de ref\u00e9m no Bessa"},"content":{"rendered":"\n<p>Uma dupla de bandidos invadiu uma resid\u00eancia na tarde desta quinta-feira (14) e fizeram uma fam\u00edlia de ref\u00e9m, no Bessa, bairro de Jo\u00e3o Pessoa. Eles roubaram diversos eletrodom\u00e9sticos e um autom\u00f3vel.<\/p>\n\n\n\n<p>O crime aconteceu por volta das 14h30, dois bandidos invadiram uma casa, perto da pra\u00e7a do Caju, no Bessa.<\/p>\n\n\n\n<p>Os suspeitos j\u00e1 s\u00e3o procurados por roubos de casas na capital, conforme os primeiros levantamentos.<\/p>\n\n\n\n<p>Uma guarni\u00e7\u00e3o do 1\u00ba Batalh\u00e3o conseguiu interceptar a fuga dos bandidos, rastreando o celular de uma dos moradores e surpreendeu os acusados na Ilha do Bispo.<\/p>\n\n\n\n<p>O aparelho j\u00e1 foi recuperado, a arma do crime apreendida e est\u00e3o cercando uma localidade l\u00e1 da Ilha do Bispo em busca dos criminosos.<\/p>\n","protected":false},"excerpt":{"rendered":"<p>Uma dupla de bandidos invadiu uma resid\u00eancia na tarde desta quinta-feira (14) e fizeram uma fam\u00edlia de ref\u00e9m, no Bessa, bairro de Jo\u00e3o Pessoa. Eles&hellip; <\/p>\n","protected":false},"author":1,"featured_media":135558,"comment_status":"closed","ping_status":"closed","sticky":false,"template":"","format":"standard","meta":{"sfsi_plus_gutenberg_text_before_share":"","sfsi_plus_gutenberg_show_text_before_share":"","sfsi_plus_gutenberg_icon_type":"","sfsi_plus_gutenberg_icon_alignemt":"","sfsi_plus_gutenburg_max_per_row":"","footnotes":""},"categories":[12],"tags":[],"class_list":["post-135556","post","type-post","status-publish","format-standard","has-post-thumbnail","hentry","category-policia"],"_links":{"self":[{"href":"https:\/\/www.caririemacao.com\/1\/wp-json\/wp\/v2\/posts\/135556","targetHints":{"allow":["GET"]}}],"collection":[{"href":"https:\/\/www.caririemacao.com\/1\/wp-json\/wp\/v2\/posts"}],"about":[{"href":"https:\/\/www.caririemacao.com\/1\/wp-json\/wp\/v2\/types\/post"}],"author":[{"embeddable":true,"href":"https:\/\/www.caririemacao.com\/1\/wp-json\/wp\/v2\/users\/1"}],"replies":[{"embeddable":true,"href":"https:\/\/www.caririemacao.com\/1\/wp-json\/wp\/v2\/comments?post=135556"}],"version-history":[{"count":1,"href":"https:\/\/www.caririemacao.com\/1\/wp-json\/wp\/v2\/posts\/135556\/revisions"}],"predecessor-version":[{"id":135559,"href":"https:\/\/www.caririemacao.com\/1\/wp-json\/wp\/v2\/posts\/135556\/revisions\/135559"}],"wp:featuredmedia":[{"embeddable":true,"href":"https:\/\/www.caririemacao.com\/1\/wp-json\/wp\/v2\/media\/135558"}],"wp:attachment":[{"href":"https:\/\/www.caririemacao.com\/1\/wp-json\/wp\/v2\/media?parent=135556"}],"wp:term":[{"taxonomy":"category","embeddable":true,"href":"https:\/\/www.caririemacao.com\/1\/wp-json\/wp\/v2\/categories?post=135556"},{"taxonomy":"post_tag","embeddable":true,"href":"https:\/\/www.caririemacao.com\/1\/wp-json\/wp\/v2\/tags?post=135556"}],"curies":[{"name":"wp","href":"https:\/\/api.w.org\/{rel}","templated":true}]}}