{"id":135564,"date":"2019-11-15T07:21:41","date_gmt":"2019-11-15T10:21:41","guid":{"rendered":"http:\/\/www.caririemacao.com\/1\/?p=135564"},"modified":"2019-11-15T07:21:41","modified_gmt":"2019-11-15T10:21:41","slug":"quem-for-para-la-vai-por-amor-diz-bolsonaro-sobre-novo-partido","status":"publish","type":"post","link":"https:\/\/www.caririemacao.com\/1\/2019\/11\/15\/quem-for-para-la-vai-por-amor-diz-bolsonaro-sobre-novo-partido\/","title":{"rendered":"Quem for para l\u00e1, vai por amor&#8217;, diz Bolsonaro sobre novo partido"},"content":{"rendered":"\n<p>O presidente Jair Bolsonaro disse que os parlamentares que o acompanharem na mudan\u00e7a de partido o far\u00e3o por amor, j\u00e1 que a Alian\u00e7a pelo Brasil n\u00e3o deve levar recursos do fundo partid\u00e1rio do PSL, sua atual legenda.<\/p>\n\n\n\n<p>&#8220;N\u00e3o sei, vou come\u00e7ar um partido pobre, sem dinheiro, sem televis\u00e3o, quem for para l\u00e1, vai por amor. \u00c9 igual casamento, a gente casa por amor&#8221;, disse ao chegar ao Pal\u00e1cio da Alvorada na noite desta quinta-feira (14).<\/p>\n\n\n\n<p>Pouco depois, em transmiss\u00e3o ao vivo pelas redes sociais, o presidente disse que vai se desfiliar &#8220;com certeza&#8221; do PSL nos pr\u00f3ximos dias.<\/p>\n\n\n\n<p>Na ter\u00e7a (12), Bolsonaro anunciou a parlamentares de sua sigla que faria sua desfilia\u00e7\u00e3o e formalizou a cria\u00e7\u00e3o do Alian\u00e7a pelo Brasil, para abrigar sua fam\u00edlia e aliados mais fieis.<\/p>\n\n\n\n<p>&#8220;A \u00fanica certeza \u00e9 de que me desfilio do PSL nos pr\u00f3ximos dias, agrade\u00e7o todo o apoio e considera\u00e7\u00e3o que tive no partido. \u00c9 uma separa\u00e7\u00e3o amig\u00e1vel&#8221;, disse.<br>Apesar da fala de apaziguamento, a crise do presidente com seu partido teve troca de ofensas, judicializa\u00e7\u00e3o, grampos e guerra de listas para escolha do l\u00edder na C\u00e2mara.<\/p>\n\n\n\n<p>A dimens\u00e3o p\u00fablica sobre o descontentamento de Bolsonaro com o PSL se deu no in\u00edcio de outubro, quando ele disse a um apoiador que o atual presidente da legenda, o deputado federal Luciano Bivar (PE) estava &#8220;queimado para caramba&#8221;.<\/p>\n\n\n\n<p>Na live, o presidente n\u00e3o mencionou o nome de Bivar.<\/p>\n\n\n\n<p>&#8220;Boa sorte ai ao presidente do partido, boa sorte aos que apoiaram o presidente do partido bem como o antigo l\u00edder [deputado Delegado Waldir (PSL-GO), que chamou Bolsonaro de vagabundo]. V\u00e3o ser feliz todo mundo, cada um segue o seu destino. Como separa\u00e7\u00e3o, infelizmente acontece&#8221;, afirmou.<\/p>\n\n\n\n<p>A bancada do PSL na C\u00e2mara conta com 53 congressistas, a segunda maior da Casa. No Senado tem 3 dos 81 senadores.<\/p>\n\n\n\n<p>Por enquanto, apenas o senador Fl\u00e1vio Bolsonaro (PSL-RJ), um dos filhos do presidente, formalizou ao TSE (Tribunal Superior Eleitoral) que deixar\u00e1 o partido.<br>Os deputados devem aguardar a cria\u00e7\u00e3o da Alian\u00e7a Pelo Brasil para sair do PSL, evitando a perda do mandato por infidelidade partid\u00e1ria.<\/p>\n\n\n\n<p>Hoje, a legisla\u00e7\u00e3o permite determinadas situa\u00e7\u00f5es de justa causa para desfilia\u00e7\u00e3o partid\u00e1ria \u2014 em que o deputado ou vereador pode mudar de partido sem perder o mandato.<\/p>\n\n\n\n<p>Alguns exemplos: fus\u00e3o ou incorpora\u00e7\u00e3o do partido; mudan\u00e7a substancial ou desvio reiterado do programa partid\u00e1rio; grave discrimina\u00e7\u00e3o pol\u00edtica pessoal; e, no \u00faltimo ano de mandato, sair para disputar elei\u00e7\u00e3o.<\/p>\n\n\n\n<p>Sob a batuta do agora ex-ministro do TSE, Bolsonaro chegou a dar in\u00edcio a uma ofensiva jur\u00eddica pelo controle do PSL e de seu fundo partid\u00e1rio -que at\u00e9 o fim de 2019 pode chegar a R$ 110 milh\u00f5es.<\/p>\n\n\n\n<p>No dia 30 de outubro, ele acionou a PGR (Procuradoria-Geral da Rep\u00fablica) pedindo o bloqueio dos recursos e que o presidente da sigla, deputado Luciano Bivar (PE), seja afastado do cargo.<\/p>\n","protected":false},"excerpt":{"rendered":"<p>O presidente Jair Bolsonaro disse que os parlamentares que o acompanharem na mudan\u00e7a de partido o far\u00e3o por amor, j\u00e1 que a Alian\u00e7a pelo Brasil&hellip; <\/p>\n","protected":false},"author":1,"featured_media":135566,"comment_status":"closed","ping_status":"closed","sticky":false,"template":"","format":"standard","meta":{"sfsi_plus_gutenberg_text_before_share":"","sfsi_plus_gutenberg_show_text_before_share":"","sfsi_plus_gutenberg_icon_type":"","sfsi_plus_gutenberg_icon_alignemt":"","sfsi_plus_gutenburg_max_per_row":"","footnotes":""},"categories":[11],"tags":[],"class_list":["post-135564","post","type-post","status-publish","format-standard","has-post-thumbnail","hentry","category-politica"],"_links":{"self":[{"href":"https:\/\/www.caririemacao.com\/1\/wp-json\/wp\/v2\/posts\/135564","targetHints":{"allow":["GET"]}}],"collection":[{"href":"https:\/\/www.caririemacao.com\/1\/wp-json\/wp\/v2\/posts"}],"about":[{"href":"https:\/\/www.caririemacao.com\/1\/wp-json\/wp\/v2\/types\/post"}],"author":[{"embeddable":true,"href":"https:\/\/www.caririemacao.com\/1\/wp-json\/wp\/v2\/users\/1"}],"replies":[{"embeddable":true,"href":"https:\/\/www.caririemacao.com\/1\/wp-json\/wp\/v2\/comments?post=135564"}],"version-history":[{"count":1,"href":"https:\/\/www.caririemacao.com\/1\/wp-json\/wp\/v2\/posts\/135564\/revisions"}],"predecessor-version":[{"id":135567,"href":"https:\/\/www.caririemacao.com\/1\/wp-json\/wp\/v2\/posts\/135564\/revisions\/135567"}],"wp:featuredmedia":[{"embeddable":true,"href":"https:\/\/www.caririemacao.com\/1\/wp-json\/wp\/v2\/media\/135566"}],"wp:attachment":[{"href":"https:\/\/www.caririemacao.com\/1\/wp-json\/wp\/v2\/media?parent=135564"}],"wp:term":[{"taxonomy":"category","embeddable":true,"href":"https:\/\/www.caririemacao.com\/1\/wp-json\/wp\/v2\/categories?post=135564"},{"taxonomy":"post_tag","embeddable":true,"href":"https:\/\/www.caririemacao.com\/1\/wp-json\/wp\/v2\/tags?post=135564"}],"curies":[{"name":"wp","href":"https:\/\/api.w.org\/{rel}","templated":true}]}}