{"id":135576,"date":"2019-11-15T07:25:04","date_gmt":"2019-11-15T10:25:04","guid":{"rendered":"http:\/\/www.caririemacao.com\/1\/?p=135576"},"modified":"2019-11-15T07:25:04","modified_gmt":"2019-11-15T10:25:04","slug":"quero-que-outros-pacientes-tambem-possam-lutar-diz-jovem-que-fez-enem-dentro-de-hospital-durante-tratamento-de-cancer","status":"publish","type":"post","link":"https:\/\/www.caririemacao.com\/1\/2019\/11\/15\/quero-que-outros-pacientes-tambem-possam-lutar-diz-jovem-que-fez-enem-dentro-de-hospital-durante-tratamento-de-cancer\/","title":{"rendered":"Quero que outros pacientes tamb\u00e9m possam lutar&#8217;, diz jovem que fez Enem dentro de hospital durante tratamento de c\u00e2ncer"},"content":{"rendered":"\n<p>&#8220;Foi uma prova mediana. N\u00e3o foi t\u00e3o f\u00e1cil, mas tamb\u00e9m n\u00e3o foi muito dif\u00edcil&#8221;, a avalia\u00e7\u00e3o sobre o Enem 2019 \u00e9 do estudante Ezequiel Mateus da Rocha, de 18 anos &#8211; mais um candidato entre outros 119 mil inscritos no Rio Grande do Norte. A diferen\u00e7a entre o jovem e os demais \u00e9 que ele fez a prova dentro do hospital, durante o tratamento contra um c\u00e2ncer \u00f3sseo. De acordo com o Inep, em 2019, 31 pessoas em todo o pa\u00eds fizeram a prova dentro de hospitais.<\/p>\n\n\n\n<p>&#8220;\u00c9 como se fosse em uma escola. Tem fiscal e at\u00e9 policial&#8221;, comparou. Essa \u00e9 a terceira participa\u00e7\u00e3o dele no Exame Nacional do Ensino M\u00e9dio. Uma vez, foi por experi\u00eancia. Na segunda, conseguiu a vaga no curso de Ci\u00eancia e Tecnologia da Universidade Federal Rural do Semi\u00e1rido (Ufersa), em Angicos, mas o sonho foi interrompido pela descoberta da doen\u00e7a.<\/p>\n\n\n\n<p>Tudo come\u00e7ou com uma pancada no joelho durante uma partida de futebol. Dias depois, ele ainda continuava a inchar e a fam\u00edlia resolveu procurar ajuda m\u00e9dica. No dia 28 de fevereiro, ap\u00f3s uma resson\u00e2ncia na perna, a not\u00edcia mudou os projetos de Ezequiel. Os profissionais encontraram um osteossarcoma &#8211; tumor maligno &#8211; no f\u00eamur do estudante.<\/p>\n\n\n\n<p>&#8220;O momento mais dif\u00edcil \u00e9 o inicio do tratamento, quando a gente descobre. \u00c9 um impacto forte. Superei gra\u00e7as a Deus e \u00e0 minha fam\u00edlia&#8221;, conta o filho, entre os sete de um casal de agricultores do S\u00edtio Trapi\u00e1, na zona rural de Ass\u00fa, regi\u00e3o Oeste potiguar.<\/p>\n\n\n\n<p>A partir da\u00ed, Ezequiel sequer come\u00e7ou o curso de gradua\u00e7\u00e3o. O foco passou a ser a sa\u00fade. Ele realiza o tratamento na Liga Mossoroense Contra o C\u00e2ncer, onde j\u00e1 passou por 18 sess\u00f5es de quimioterapia &#8211; ainda faltam mais duas e uma cirurgia, marcada para o pr\u00f3ximo dia 21, quando ele ter\u00e1 a perna amputada. &#8220;A gente est\u00e1 muito consciente de toda a situa\u00e7\u00e3o&#8221;, diz.<\/p>\n\n\n\n<p>Apesar da luta di\u00e1ria e do tratamento cansativo, Ezequiel n\u00e3o queria abrir m\u00e3o de fazer novamente o Enem. O objetivo \u00e9 cursar primeiro Ci\u00eancia e Tecnologia e, depois, Engenharia Civil.<\/p>\n\n\n\n<p>&#8220;Achei uma experi\u00eancia incr\u00edvel, ainda mais vendo a batalha que as pessoas do hospital tiveram para poder me inscrever. Tamb\u00e9m recebi muita ajuda para conseguir estudar. Quero que outros pacientes vejam meu exemplo e tamb\u00e9m possam lutar&#8221;, afirmou o estudante, agradecendo aos profissionais e tamb\u00e9m aos familiares e amigos pelas ora\u00e7\u00f5es.<\/p>\n\n\n\n<p>Para fazer as provas, o estudante contou com a presen\u00e7a da equipe do Inep &#8211; realizador do Enem &#8211; no hospital. No primeiro domingo de provas, passou 5 horas e meia na prova, para poder ficar com o caderno de quest\u00f5es. Neste domingo (10), passou cinco horas nas provas de ci\u00eancias da natureza e matem\u00e1tica.<\/p>\n\n\n\n<p>Agora, o jovem espera as notas para saber se vai conseguir ingressar na faculdade. Se n\u00e3o der certo dessa, vez, pretende n\u00e3o desistir.<\/p>\n\n\n\n<p>M\u00e3e de Ezequiel, a agricultura Maria Gorete da Rocha, de 55 anos, ficou emocionada com o gesto das pessoas que ajudaram seu filho. &#8220;\u00c9 emocionante, porque \u00e9 uma doen\u00e7a muito dif\u00edcil, mas as pessoas ajudaram muito. Fiquei muito feliz por ele. \u00c9 um filho maravilhoso, n\u00e3o tenho o que falar&#8221;, pontuou.<\/p>\n","protected":false},"excerpt":{"rendered":"<p>&#8220;Foi uma prova mediana. N\u00e3o foi t\u00e3o f\u00e1cil, mas tamb\u00e9m n\u00e3o foi muito dif\u00edcil&#8221;, a avalia\u00e7\u00e3o sobre o Enem 2019 \u00e9 do estudante Ezequiel Mateus&hellip; <\/p>\n","protected":false},"author":1,"featured_media":135580,"comment_status":"closed","ping_status":"closed","sticky":false,"template":"","format":"standard","meta":{"sfsi_plus_gutenberg_text_before_share":"","sfsi_plus_gutenberg_show_text_before_share":"","sfsi_plus_gutenberg_icon_type":"","sfsi_plus_gutenberg_icon_alignemt":"","sfsi_plus_gutenburg_max_per_row":"","footnotes":""},"categories":[2],"tags":[],"class_list":["post-135576","post","type-post","status-publish","format-standard","has-post-thumbnail","hentry","category-geral"],"_links":{"self":[{"href":"https:\/\/www.caririemacao.com\/1\/wp-json\/wp\/v2\/posts\/135576","targetHints":{"allow":["GET"]}}],"collection":[{"href":"https:\/\/www.caririemacao.com\/1\/wp-json\/wp\/v2\/posts"}],"about":[{"href":"https:\/\/www.caririemacao.com\/1\/wp-json\/wp\/v2\/types\/post"}],"author":[{"embeddable":true,"href":"https:\/\/www.caririemacao.com\/1\/wp-json\/wp\/v2\/users\/1"}],"replies":[{"embeddable":true,"href":"https:\/\/www.caririemacao.com\/1\/wp-json\/wp\/v2\/comments?post=135576"}],"version-history":[{"count":1,"href":"https:\/\/www.caririemacao.com\/1\/wp-json\/wp\/v2\/posts\/135576\/revisions"}],"predecessor-version":[{"id":135581,"href":"https:\/\/www.caririemacao.com\/1\/wp-json\/wp\/v2\/posts\/135576\/revisions\/135581"}],"wp:featuredmedia":[{"embeddable":true,"href":"https:\/\/www.caririemacao.com\/1\/wp-json\/wp\/v2\/media\/135580"}],"wp:attachment":[{"href":"https:\/\/www.caririemacao.com\/1\/wp-json\/wp\/v2\/media?parent=135576"}],"wp:term":[{"taxonomy":"category","embeddable":true,"href":"https:\/\/www.caririemacao.com\/1\/wp-json\/wp\/v2\/categories?post=135576"},{"taxonomy":"post_tag","embeddable":true,"href":"https:\/\/www.caririemacao.com\/1\/wp-json\/wp\/v2\/tags?post=135576"}],"curies":[{"name":"wp","href":"https:\/\/api.w.org\/{rel}","templated":true}]}}