{"id":135590,"date":"2019-11-15T07:30:45","date_gmt":"2019-11-15T10:30:45","guid":{"rendered":"http:\/\/www.caririemacao.com\/1\/?p=135590"},"modified":"2019-11-15T07:30:45","modified_gmt":"2019-11-15T10:30:45","slug":"brasil-ganha-da-franca-de-virada-e-vai-a-final-do-mundial-sub-17","status":"publish","type":"post","link":"https:\/\/www.caririemacao.com\/1\/2019\/11\/15\/brasil-ganha-da-franca-de-virada-e-vai-a-final-do-mundial-sub-17\/","title":{"rendered":"Brasil ganha da Fran\u00e7a de virada e vai \u00e0 final do Mundial Sub-17"},"content":{"rendered":"\n<p>A \u201cescrita\u201d foi quebrada. O Brasil eliminou a Fran\u00e7a nas semifinais do Mundial Sub-17, com o Est\u00e1dio Bezerr\u00e3o lotado. Diferentemente do que ocorreu com os jogadores profissionais nas Copas do Mundo de 1986, 1998 e 2006, os garotos do Brasil, todos nascidos em 2002 &#8211; que sequer viram essas \u201ctrag\u00e9dias nacionais\u201d &#8211; entraram em campo livres de qualquer tabu e sem pensar na possibilidade de sair mais cedo da festa.<\/p>\n\n\n\n<p>Agora, os brasileiros, campe\u00f5es mundiais Sub-17 em 1997, 1999 e 2003 t\u00eam a chance de reprisar o feito diante do M\u00e9xico, bicampe\u00e3o mundial Sub-17 em 2005 e 2011, na final\u00edssima de domingo, \u00e0s 19 horas.<\/p>\n\n\n\n<p>\u00c0 Fran\u00e7a, restou brigar pelo terceiro lugar contra a Holanda, na preliminar, \u00e0s 15 horas.<\/p>\n\n\n\n<figure class=\"wp-block-image\"><img decoding=\"async\" data-src=\"http:\/\/imagens.ebc.com.br\/TyX_LJzxIkRp06YyqfSgzs-N-O0=\/754x0\/smart\/http:\/\/agenciabrasil.ebc.com.br\/sites\/default\/files\/thumbnails\/image\/mcmgo_20191114_abr_1950.jpg?itok=_TRXa33e\" alt=\" Brasil e Fran\u00e7a se enfrentam pela semi-final da Copa do Mundo Sub-17\" src=\"data:image\/svg+xml;base64,PHN2ZyB3aWR0aD0iMSIgaGVpZ2h0PSIxIiB4bWxucz0iaHR0cDovL3d3dy53My5vcmcvMjAwMC9zdmciPjwvc3ZnPg==\" class=\"lazyload\" \/><\/figure>\n\n\n\n<p>Brasil e Fran\u00e7a se enfrentam pela semi-final da Copa do Mundo Sub-17 &#8211;&nbsp;<strong>Marcelo Camargo\/Ag\u00eancia Brasil<\/strong><\/p>\n\n\n\n<p>No jogo de hoje, logo aos 6 minutos, a Fran\u00e7a aplicou um grande golpe no Brasil. Kalimuendo Muinga apareceu livre, frente a frente com o goleiro Matheus Donelli. Ele n\u00e3o perdoou e chutou rasteiro. Gol deles. O \u00e1rbitro titubeou em validar o lance, mas com a ajuda do v\u00eddeo, confirmou que o atacante estava em posi\u00e7\u00e3o legal.<\/p>\n\n\n\n<p>Aos 13 minutos, novo lance r\u00e1pido do ataque franc\u00eas, a tabelinha deixou M\u00b4Buku livre e ele colocou no gol com muita categoria: 2 a 0. Um balde de \u00e1gua fria. Quem estava no est\u00e1dio passou a achar muita semelhan\u00e7a com uma outra semifinal traum\u00e1tica, a da Copa de 2014, entre Brasil e Alemanha.<\/p>\n\n\n\n<p>Mas o \u00edmpeto franc\u00eas parou por a\u00ed. Depois, o time se fechou numa retranca com duas linhas de quatro jogadores em frente a \u00e1rea, para evitar os ataques brasileiros. Aos 45 minutos do 1\u00ba tempo, um lance que deu esperan\u00e7as \u00e0 torcida. O \u00e1rbitro marcou p\u00eanalti para o Brasil, numa falta na linha da grande \u00e1rea. Por\u00e9m, ao analisar as imagens do v\u00eddeo, o salvadorenho Barton desmarcou a infra\u00e7\u00e3o, o que irritou ainda mais os jogadores. Logo em seguida, para evitar maiores problemas, apitou o final da primeira etapa.<\/p>\n\n\n\n<p>O Brasil veio com uma nova postura no 2\u00ba tempo, fazendo uma transi\u00e7\u00e3o mais r\u00e1pida entre a defesa e o ataque, afinal, precisava aproveitar cada minuto. De tanto insistir, os brasileiros alcan\u00e7aram o gol numa cobran\u00e7a de escanteio. Depois de muito bate-rebate na \u00e1rea, Kaio Jorge se esticou e raspou de cabe\u00e7a. O goleiro Zinga se esticou todo, mas n\u00e3o chegou: 2 a 1, aos 16 minutos.<\/p>\n\n\n\n<p>Aos 30 minutos, todo o est\u00e1dio foi \u00e0 loucura. Cruzamento da linha de fundo, Yan Couto chutou, o goleiro Zinga espalmou para frente e Veron pegou o rebote de primeira: 2 a 2! Incr\u00edvel! O Brasil, na ra\u00e7a, tinha empatado a partida. Haveria decis\u00e3o por p\u00eanaltis? N\u00e3o.<\/p>\n\n\n\n<p>No lance seguinte, mais emo\u00e7\u00e3o. A Fran\u00e7a chega na \u00e1rea brasileira, o goleiro Matheus espalma para o lado e, livre, com o gol aberto \u00e0 sua frente, Lihadji chuta na trave. O gol perdido fez o atacante desabar no gramado.<\/p>\n\n\n\n<p>Aos 41 minutos, a Fran\u00e7a chega ao terceiro gol, numa falta al\u00e7ada para a \u00e1rea. Mas Matsima estava impedido ao cabecear e o lance foi anulado sem sequer necessitar da ajuda do \u00e1rbitro de v\u00eddeo.<\/p>\n\n\n\n<p>Aos 43, veio a reden\u00e7\u00e3o para os brasileiros. Na cobran\u00e7a deste impedimento, chute direto do goleiro Matheus, a bola chegou at\u00e9 o atacante L\u00e1zaro que, dentro da \u00e1rea, dominou, preparou o m\u00edssil e soltou a bomba: indefens\u00e1vel para Zinga. O Brasil virava o placar: 3 a 2!<\/p>\n\n\n\n<p>A classifica\u00e7\u00e3o heroica foi muito comemorada pelos jogadores. L\u00e1zaro, autor do gol da vit\u00f3ria, disse que o importante \u00e9 sempre acreditar. \u201cO gol s\u00f3 saiu porque eu corri atr\u00e1s da bola, acreditei que era poss\u00edvel chegar. Estou muito feliz por honrar essa torcida maravilhosa!\u201d &#8211; disse o atacante da Sele\u00e7\u00e3o.<\/p>\n\n\n\n<p>O improv\u00e1vel eles j\u00e1 tinham feito.<\/p>\n\n\n\n<p><strong>Ficha t\u00e9cnica:<\/strong><br>Quinta-feira, 14 de novembro de 2019<br>BRASIL 3 x 2 FRAN\u00c7A<br>Competi\u00e7\u00e3o: Mundial Sub-17 (Semifinal)<br>Local: Est\u00e1dio Bezerr\u00e3o, Gama (DF)<br>Juiz: Ivan Barton (El Salvador)<br>P\u00fablico: 13.587<\/p>\n\n\n\n<p>Brasil: Matheus Donelli, Yan Couto (Sandry), Henri, Luan Patrick e Patryck; Daniel Cabral, Pedro Lucas (Garcia) e Diego (L\u00e1zaro); Veron, Kaio Jorge e Peglow. T: Guilherme Dalla Dea.<br>Fran\u00e7a: Zinga, Pembel\u00e9, Matsima, Kouassi e Soppy; Millot (Hassan), Aouchiche e Ahamada; Kalimuendo Muinga (Lepenant), M\u00b4Buku e Lihadji. T: Jean Claude Giuntini.<\/p>\n\n\n\n<p>Gol: No 1o tempo: Kalimuendo Muinga (6) e M\u00b4Buku (13). No 2o tempo: Kaio Jorge (16), Veron (30) e L\u00e1zaro (43).<\/p>\n","protected":false},"excerpt":{"rendered":"<p>A \u201cescrita\u201d foi quebrada. O Brasil eliminou a Fran\u00e7a nas semifinais do Mundial Sub-17, com o Est\u00e1dio Bezerr\u00e3o lotado. Diferentemente do que ocorreu com os&hellip; <\/p>\n","protected":false},"author":1,"featured_media":135594,"comment_status":"closed","ping_status":"closed","sticky":false,"template":"","format":"standard","meta":{"sfsi_plus_gutenberg_text_before_share":"","sfsi_plus_gutenberg_show_text_before_share":"","sfsi_plus_gutenberg_icon_type":"","sfsi_plus_gutenberg_icon_alignemt":"","sfsi_plus_gutenburg_max_per_row":"","footnotes":""},"categories":[13],"tags":[],"class_list":["post-135590","post","type-post","status-publish","format-standard","has-post-thumbnail","hentry","category-esportes"],"_links":{"self":[{"href":"https:\/\/www.caririemacao.com\/1\/wp-json\/wp\/v2\/posts\/135590","targetHints":{"allow":["GET"]}}],"collection":[{"href":"https:\/\/www.caririemacao.com\/1\/wp-json\/wp\/v2\/posts"}],"about":[{"href":"https:\/\/www.caririemacao.com\/1\/wp-json\/wp\/v2\/types\/post"}],"author":[{"embeddable":true,"href":"https:\/\/www.caririemacao.com\/1\/wp-json\/wp\/v2\/users\/1"}],"replies":[{"embeddable":true,"href":"https:\/\/www.caririemacao.com\/1\/wp-json\/wp\/v2\/comments?post=135590"}],"version-history":[{"count":1,"href":"https:\/\/www.caririemacao.com\/1\/wp-json\/wp\/v2\/posts\/135590\/revisions"}],"predecessor-version":[{"id":135595,"href":"https:\/\/www.caririemacao.com\/1\/wp-json\/wp\/v2\/posts\/135590\/revisions\/135595"}],"wp:featuredmedia":[{"embeddable":true,"href":"https:\/\/www.caririemacao.com\/1\/wp-json\/wp\/v2\/media\/135594"}],"wp:attachment":[{"href":"https:\/\/www.caririemacao.com\/1\/wp-json\/wp\/v2\/media?parent=135590"}],"wp:term":[{"taxonomy":"category","embeddable":true,"href":"https:\/\/www.caririemacao.com\/1\/wp-json\/wp\/v2\/categories?post=135590"},{"taxonomy":"post_tag","embeddable":true,"href":"https:\/\/www.caririemacao.com\/1\/wp-json\/wp\/v2\/tags?post=135590"}],"curies":[{"name":"wp","href":"https:\/\/api.w.org\/{rel}","templated":true}]}}